{"id":981,"date":"2022-03-01T11:33:00","date_gmt":"2022-03-01T10:33:00","guid":{"rendered":"https:\/\/villeurbanne-insoumise-ensemble.fr\/?p=981"},"modified":"2023-11-22T16:21:00","modified_gmt":"2023-11-22T15:21:00","slug":"refondons-notre-democratie-allons-voter","status":"publish","type":"post","link":"https:\/\/villeurbanne-insoumise-ensemble.fr\/?p=981","title":{"rendered":"Refondons notre d\u00e9mocratie : allons voter !"},"content":{"rendered":"\n<p>50 points. Il ne s\u2019agit pas du score d\u2019un de nos athl\u00e8tes aux Jeux Olympiques, mais bien de l\u2019\u00e9cart entre l\u2019abstention aux \u00e9lections pr\u00e9sidentielles de 2017 (26.12%) et aux r\u00e9gionales de 2021 (76.44%) \u00e0 Villeurbanne. Personne ne s\u2019y trompe : dans la V<sup>e<\/sup> R\u00e9publique, si l\u2019on veut impulser un changement global et radical en France, c\u2019est principalement au moment des \u00e9lections pr\u00e9sidentielles et l\u00e9gislatives que cela se joue. Ne pas voter, c\u2019est laisser les autres d\u00e9cider de ce qui est bon pour soi, c\u2019est subir les cons\u00e9quences d\u2019une \u00e9lection majeure sans avoir donn\u00e9 son opinion. Bien s\u00fbr, notre mode d\u2019\u00e9lection tr\u00e8s personnalis\u00e9 est loin d\u2019\u00eatre parfait : mais pour le changer, \u00e0 la pression de la rue doit s\u2019ajouter un bulletin de vote !<\/p>\n\n\n\n<p>Le 10 avril prochain, nous pourrons voter pour une Assembl\u00e9e constituante qui abolira la monarchie pr\u00e9sidentielle ; pour la bifurcation \u00e9cologique, avec 200 milliards d\u2019euros d\u2019investissements, la r\u00e9ouverture de lignes ferroviaires, l\u2019isolation de 700 000 logements par an, la soci\u00e9t\u00e9 du r\u00e9parable et du durable, une agriculture locale et biologique ; pour le plein emploi et la diminution du temps de travail, avec la retraite \u00e0 60 ans, la 6<sup>e<\/sup> semaine de cong\u00e9s pay\u00e9s, un quota maximum de contrats pr\u00e9caires dans les entreprises ; pour le partage des richesses et la justice fiscale, avec un imp\u00f4t sur le revenu plus progressif, le blocage des prix sur les produits de premi\u00e8re n\u00e9cessit\u00e9, l\u2019augmentation du SMIC \u00e0 1 400\u20ac nets, l\u2019allocation jeune de 1 063 \u20ac financ\u00e9e gr\u00e2ce \u00e0 une taxe de 100 % sur les h\u00e9ritages sup\u00e9rieurs \u00e0 12 millions d\u2019euros, la garantie d\u2019un droit au logement et au travail ; pour une diplomatie altermondialiste, avec une France ind\u00e9pendante, non-align\u00e9e aux int\u00e9r\u00eats des grandes puissances.<\/p>\n\n\n\n<p>Nous nous sommes engag\u00e9\u00b7e\u00b7s non pour une personne, mais pour des id\u00e9es. Ce sont celles que nous d\u00e9fendons \u00e0 Villeurbanne mais aussi en France. Nous n\u2019avons l\u2019occasion de changer de mod\u00e8le de soci\u00e9t\u00e9 que tous les 5 ans : saisissons-l\u00e0 ensemble !<\/p>\n","protected":false},"excerpt":{"rendered":"<p>50 points. Il ne s\u2019agit pas du score d\u2019un de nos athl\u00e8tes aux Jeux Olympiques, mais bien de l\u2019\u00e9cart entre l\u2019abstention aux \u00e9lections pr\u00e9sidentielles de 2017 (26.12%) et aux r\u00e9gionales de 2021 (76.44%) \u00e0 Villeurbanne. Personne ne s\u2019y trompe : dans la Ve R\u00e9publique, si l\u2019on veut impulser un changement global et radical en France,&#8230;<\/p>\n","protected":false},"author":1,"featured_media":0,"comment_status":"open","ping_status":"open","sticky":false,"template":"","format":"standard","meta":[],"categories":[89,17],"tags":[36],"_links":{"self":[{"href":"https:\/\/villeurbanne-insoumise-ensemble.fr\/index.php?rest_route=\/wp\/v2\/posts\/981"}],"collection":[{"href":"https:\/\/villeurbanne-insoumise-ensemble.fr\/index.php?rest_route=\/wp\/v2\/posts"}],"about":[{"href":"https:\/\/villeurbanne-insoumise-ensemble.fr\/index.php?rest_route=\/wp\/v2\/types\/post"}],"author":[{"embeddable":true,"href":"https:\/\/villeurbanne-insoumise-ensemble.fr\/index.php?rest_route=\/wp\/v2\/users\/1"}],"replies":[{"embeddable":true,"href":"https:\/\/villeurbanne-insoumise-ensemble.fr\/index.php?rest_route=%2Fwp%2Fv2%2Fcomments&post=981"}],"version-history":[{"count":1,"href":"https:\/\/villeurbanne-insoumise-ensemble.fr\/index.php?rest_route=\/wp\/v2\/posts\/981\/revisions"}],"predecessor-version":[{"id":982,"href":"https:\/\/villeurbanne-insoumise-ensemble.fr\/index.php?rest_route=\/wp\/v2\/posts\/981\/revisions\/982"}],"wp:attachment":[{"href":"https:\/\/villeurbanne-insoumise-ensemble.fr\/index.php?rest_route=%2Fwp%2Fv2%2Fmedia&parent=981"}],"wp:term":[{"taxonomy":"category","embeddable":true,"href":"https:\/\/villeurbanne-insoumise-ensemble.fr\/index.php?rest_route=%2Fwp%2Fv2%2Fcategories&post=981"},{"taxonomy":"post_tag","embeddable":true,"href":"https:\/\/villeurbanne-insoumise-ensemble.fr\/index.php?rest_route=%2Fwp%2Fv2%2Ftags&post=981"}],"curies":[{"name":"wp","href":"https:\/\/api.w.org\/{rel}","templated":true}]}}