{"id":98,"date":"2020-09-01T14:47:00","date_gmt":"2020-09-01T12:47:00","guid":{"rendered":"http:\/\/villeurbanne-insoumise-ensemble.fr\/?p=98"},"modified":"2023-09-04T11:25:32","modified_gmt":"2023-09-04T09:25:32","slug":"que-viennent-les-jours-heureux-a-villeurbanne","status":"publish","type":"post","link":"https:\/\/villeurbanne-insoumise-ensemble.fr\/?p=98","title":{"rendered":"Que viennent les jours heureux \u00e0 Villeurbanne !"},"content":{"rendered":"\n<p><em>Septembre 2020. <\/em><\/p>\n\n\n\n<p>Les 8 \u00e9lu\u00b7e\u00b7s du groupe Villeurbanne Insoumise Ensemble! tiennent \u00e0 remercier les Villeurbannais\u00b7e\u00b7s qui ont vot\u00e9 pour la liste de rassemblement de la gauche et des \u00e9cologistes. Cette \u00e9lection marque un d\u00e9saveu cinglant, pour LREM et la politique men\u00e9e par le Pr\u00e9sident de la R\u00e9publique. Nous nous r\u00e9jouissons aussi que le conseil municipal ne compte aucun membre du RN, ni m\u00eame d&#8217;ailleurs \u00e0 la M\u00e9tropole ! <\/p>\n\n\n\n<p>Le fait que seulement 1 \u00e9lecteur\u00b7rice sur 4 se soit rendu\u00b7e aux urnes pour ces \u00e9lections est alarmant et personne ne doit s&#8217;en satisfaire. Jamais les ouvrier\u00b7e\u00b7s et les employ\u00e9\u00b7e\u00b7s,les plus jeunes et pr\u00e9caires, n\u2019auront manifest\u00e9 pareille distance avec un rendez-vous \u00e9lectoral. Cette crise civique s&#8217;ajoute \u00e0 la crise sanitaire que nous vivons et aux crises \u00e9conomiques, sociales et \u00e9cologiques. Le projet municipal \u00e9tabli collectivement, avec les habitant\u00b7e\u00b7s,met la solidarit\u00e9, le d\u00e9fi \u00e9cologique et la participation de chacun\u00b7e \u00e0 la vie publique au c\u0153ur de ses priorit\u00e9s.<\/p>\n\n\n\n<p>Nous devons retrouver le sens des Communs, les liens plut\u00f4t que les biens, et mettre tout en \u0153uvre pour d\u00e9fendre les plus fragiles, lutter contre les in\u00e9galit\u00e9s et les discriminations,permettre \u00e0 chacun de se loger, se soigner, se d\u00e9placer, se sentir bien et redonner envie et confiance aux habitant\u00b7e\u00b7s de participer \u00e0 la vie de leur cit\u00e9.<\/p>\n\n\n\n<p>Nous serons des \u00e9lu\u00b7e\u00b7s, engag\u00e9\u00b7e\u00b7s au c\u00f4t\u00e9 de celles et ceux qui luttent, comme par exemple les soignants qui s&#8217;opposent au d\u00e9mant\u00e8lement de l&#8217;h\u00f4pital public et de la sant\u00e9,ou pour rejeter l&#8217;injuste r\u00e9forme des retraites qui sert les fonds de pensions, pour soutenir les initiatives de citoyen\u00b7ne\u00b7s engag\u00e9\u00b7e\u00b7s pour le climat ou la d\u00e9fense de terres agricoles&#8230;<\/p>\n\n\n\n<p>Nous sommes fier\u00b7e\u00b7s, pr\u00eat\u00b7e\u00b7s et impatient\u00b7e\u00b7s de pouvoir mettre en \u0153uvre ce programme ambitieux avec les Villeurbannais\u00b7e\u00b7s. Nous le ferons en responsabilit\u00e9, en \u00e9tant constructif\u00b7ve\u00b7s, et sans renier nos valeurs et convictions !<\/p>\n\n\n\n<p><em>Les \u00e9lu.es du groupe Villeurbanne Insoumise Ensemble !<\/em><\/p>\n","protected":false},"excerpt":{"rendered":"<p>Septembre 2020. Les 8 \u00e9lu\u00b7e\u00b7s du groupe Villeurbanne Insoumise Ensemble! tiennent \u00e0 remercier les Villeurbannais\u00b7e\u00b7s qui ont vot\u00e9 pour la liste de rassemblement de la gauche et des \u00e9cologistes. Cette \u00e9lection marque un d\u00e9saveu cinglant, pour LREM et la politique men\u00e9e par le Pr\u00e9sident de la R\u00e9publique. Nous nous r\u00e9jouissons aussi que le conseil municipal&#8230;<\/p>\n","protected":false},"author":1,"featured_media":0,"comment_status":"open","ping_status":"open","sticky":false,"template":"","format":"standard","meta":[],"categories":[18,17],"tags":[],"_links":{"self":[{"href":"https:\/\/villeurbanne-insoumise-ensemble.fr\/index.php?rest_route=\/wp\/v2\/posts\/98"}],"collection":[{"href":"https:\/\/villeurbanne-insoumise-ensemble.fr\/index.php?rest_route=\/wp\/v2\/posts"}],"about":[{"href":"https:\/\/villeurbanne-insoumise-ensemble.fr\/index.php?rest_route=\/wp\/v2\/types\/post"}],"author":[{"embeddable":true,"href":"https:\/\/villeurbanne-insoumise-ensemble.fr\/index.php?rest_route=\/wp\/v2\/users\/1"}],"replies":[{"embeddable":true,"href":"https:\/\/villeurbanne-insoumise-ensemble.fr\/index.php?rest_route=%2Fwp%2Fv2%2Fcomments&post=98"}],"version-history":[{"count":2,"href":"https:\/\/villeurbanne-insoumise-ensemble.fr\/index.php?rest_route=\/wp\/v2\/posts\/98\/revisions"}],"predecessor-version":[{"id":100,"href":"https:\/\/villeurbanne-insoumise-ensemble.fr\/index.php?rest_route=\/wp\/v2\/posts\/98\/revisions\/100"}],"wp:attachment":[{"href":"https:\/\/villeurbanne-insoumise-ensemble.fr\/index.php?rest_route=%2Fwp%2Fv2%2Fmedia&parent=98"}],"wp:term":[{"taxonomy":"category","embeddable":true,"href":"https:\/\/villeurbanne-insoumise-ensemble.fr\/index.php?rest_route=%2Fwp%2Fv2%2Fcategories&post=98"},{"taxonomy":"post_tag","embeddable":true,"href":"https:\/\/villeurbanne-insoumise-ensemble.fr\/index.php?rest_route=%2Fwp%2Fv2%2Ftags&post=98"}],"curies":[{"name":"wp","href":"https:\/\/api.w.org\/{rel}","templated":true}]}}