{"id":978,"date":"2022-02-01T12:07:00","date_gmt":"2022-02-01T11:07:00","guid":{"rendered":"https:\/\/villeurbanne-insoumise-ensemble.fr\/?p=978"},"modified":"2023-11-22T16:18:52","modified_gmt":"2023-11-22T15:18:52","slug":"le-neoliberalisme-detruit-nos-services-publics","status":"publish","type":"post","link":"https:\/\/villeurbanne-insoumise-ensemble.fr\/?p=978","title":{"rendered":"Le n\u00e9olib\u00e9ralisme d\u00e9truit nos services publics !"},"content":{"rendered":"\n<p>C\u2019est avec de moins en moins de complexes que, depuis plusieurs ann\u00e9es, les services publics gratuits et universels sont bris\u00e9s au profit du secteur priv\u00e9 lucratif. Comme dans un corps malade \u00e9prouv\u00e9 par des ann\u00e9es d\u2019affaiblissement, les corps sociaux pr\u00e9caris\u00e9s par le traitement n\u00e9olib\u00e9ral fonctionnent par leur seule volont\u00e9 et sont moins aptes \u00e0 s\u2019adapter aux perturbations.<\/p>\n\n\n\n<p>C\u2019est d\u2019autant plus vrai quand les protocoles qu\u2019on leur donne pour r\u00e9sister organisent leur d\u00e9sorganisation. L\u2019incoh\u00e9rence a \u00e9t\u00e9 criante ce dernier mois au sein d\u2019une \u00e9ducation nationale qui manquait d\u00e9j\u00e0 de moyens : pas de tests alors que le protocole en pr\u00e9voit pour tous les cas contacts, obligation de faire cours en m\u00eame temps pour les absents et les pr\u00e9sents, d\u00e9cisions de derni\u00e8re minute&#8230; Alors que cela fait deux ans que la pand\u00e9mie s\u00e9vit, deux hypoth\u00e8ses s\u2019offrent \u00e0 nous : soit il n\u2019y a pas eu d\u2019anticipation du gouvernement, soit la pagaille est sciemment orchestr\u00e9e.<\/p>\n\n\n\n<p>On peut \u00e9tendre ce raisonnement aux deux autres branches de la fonction publique que sont l\u2019h\u00f4pital et la justice. En pleine crise Covid, 500 lits de r\u00e9animation ont \u00e9t\u00e9 supprim\u00e9s entre mars 2020 et 2021. Alors qu\u2019il aurait fallu en augmenter le nombre, l\u2019ann\u00e9e 2020 obtient le triste record du nombre de suppressions de places (5 700), et l&#8217;absence de recrutement a contraint des personnels asymptomatiques \u00e0 venir travailler au c\u0153ur de la 5<sup>e<\/sup> vague !<\/p>\n\n\n\n<p>Au sein de l\u2019institution judiciaire, la m\u00eame exasp\u00e9ration s\u2019est fait ressentir depuis le mois de d\u00e9cembre sous la forme d\u2019une tribune et d\u2019une gr\u00e8ve. Comme \u00e0 l\u2019h\u00f4pital, ce sont les personnels qui ont la sensation de mal faire leur travail et les justiciables qui attendent des ann\u00e9es avant d\u2019\u00eatre jug\u00e9s, souvent en seulement quelques minutes.<\/p>\n\n\n\n<p>Ce ne sont pas les besoins qui dictent les politiques publiques nationales actuelles mais bien une vision comptable productrice d\u2019in\u00e9galit\u00e9s et de divisions, qui vide de son sens la devise nationale. Il est encore temps de s\u2019y opposer !&nbsp;<\/p>\n","protected":false},"excerpt":{"rendered":"<p>C\u2019est avec de moins en moins de complexes que, depuis plusieurs ann\u00e9es, les services publics gratuits et universels sont bris\u00e9s au profit du secteur priv\u00e9 lucratif. Comme dans un corps malade \u00e9prouv\u00e9 par des ann\u00e9es d\u2019affaiblissement, les corps sociaux pr\u00e9caris\u00e9s par le traitement n\u00e9olib\u00e9ral fonctionnent par leur seule volont\u00e9 et sont moins aptes \u00e0 s\u2019adapter&#8230;<\/p>\n","protected":false},"author":1,"featured_media":0,"comment_status":"open","ping_status":"open","sticky":false,"template":"","format":"standard","meta":[],"categories":[89,17],"tags":[140,43],"_links":{"self":[{"href":"https:\/\/villeurbanne-insoumise-ensemble.fr\/index.php?rest_route=\/wp\/v2\/posts\/978"}],"collection":[{"href":"https:\/\/villeurbanne-insoumise-ensemble.fr\/index.php?rest_route=\/wp\/v2\/posts"}],"about":[{"href":"https:\/\/villeurbanne-insoumise-ensemble.fr\/index.php?rest_route=\/wp\/v2\/types\/post"}],"author":[{"embeddable":true,"href":"https:\/\/villeurbanne-insoumise-ensemble.fr\/index.php?rest_route=\/wp\/v2\/users\/1"}],"replies":[{"embeddable":true,"href":"https:\/\/villeurbanne-insoumise-ensemble.fr\/index.php?rest_route=%2Fwp%2Fv2%2Fcomments&post=978"}],"version-history":[{"count":1,"href":"https:\/\/villeurbanne-insoumise-ensemble.fr\/index.php?rest_route=\/wp\/v2\/posts\/978\/revisions"}],"predecessor-version":[{"id":979,"href":"https:\/\/villeurbanne-insoumise-ensemble.fr\/index.php?rest_route=\/wp\/v2\/posts\/978\/revisions\/979"}],"wp:attachment":[{"href":"https:\/\/villeurbanne-insoumise-ensemble.fr\/index.php?rest_route=%2Fwp%2Fv2%2Fmedia&parent=978"}],"wp:term":[{"taxonomy":"category","embeddable":true,"href":"https:\/\/villeurbanne-insoumise-ensemble.fr\/index.php?rest_route=%2Fwp%2Fv2%2Fcategories&post=978"},{"taxonomy":"post_tag","embeddable":true,"href":"https:\/\/villeurbanne-insoumise-ensemble.fr\/index.php?rest_route=%2Fwp%2Fv2%2Ftags&post=978"}],"curies":[{"name":"wp","href":"https:\/\/api.w.org\/{rel}","templated":true}]}}