{"id":947,"date":"2022-01-03T12:02:43","date_gmt":"2022-01-03T11:02:43","guid":{"rendered":"https:\/\/villeurbanne-insoumise-ensemble.fr\/?p=947"},"modified":"2022-01-03T12:10:26","modified_gmt":"2022-01-03T11:10:26","slug":"travail-le-dimanche-discutons-reduisons","status":"publish","type":"post","link":"https:\/\/villeurbanne-insoumise-ensemble.fr\/?p=947","title":{"rendered":"Travail le dimanche : discutons, r\u00e9duisons"},"content":{"rendered":"\n<p><em>Le Progr\u00e8s<\/em> s&#8217;est fait l&#8217;\u00e9cho de <a href=\"https:\/\/villeurbanne-insoumise-ensemble.fr\/?p=925\" target=\"_blank\" rel=\"noreferrer noopener\">notre intervention<\/a> commune avec le groupe Communiste et R\u00e9publicain lors du dernier conseil municipal. \u00ab <em>Nous sommes toujours oppos\u00e9\u00b7e\u00b7s au travail le dimanche et pour les m\u00eames raisons : confusion entre la vie priv\u00e9e et celle au travail, perte de sociabilit\u00e9, promotion de la soci\u00e9t\u00e9 de consommation, fable du volontariat et contrainte faite aux salari\u00e9\u00b7s, fable de l\u2019augmentation du chiffre d\u2019affaires alors que le pouvoir d\u2019achat diminue. <\/em>\u00bb<\/p>\n\n\n\n<p>Pour voir l&#8217;article complet, c&#8217;est en-dessous !<\/p>\n\n\n\n<figure class=\"wp-block-image size-large\"><img loading=\"lazy\" width=\"724\" height=\"1024\" src=\"https:\/\/villeurbanne-insoumise-ensemble.fr\/wp-content\/uploads\/2022\/01\/Le-progres_L-ouverture-des-commerces-le-dimanche-divise-toujours-la-majorite_03-01-2022-724x1024.jpeg\" alt=\"\" class=\"wp-image-948\" srcset=\"https:\/\/villeurbanne-insoumise-ensemble.fr\/wp-content\/uploads\/2022\/01\/Le-progres_L-ouverture-des-commerces-le-dimanche-divise-toujours-la-majorite_03-01-2022-724x1024.jpeg 724w, https:\/\/villeurbanne-insoumise-ensemble.fr\/wp-content\/uploads\/2022\/01\/Le-progres_L-ouverture-des-commerces-le-dimanche-divise-toujours-la-majorite_03-01-2022-212x300.jpeg 212w, https:\/\/villeurbanne-insoumise-ensemble.fr\/wp-content\/uploads\/2022\/01\/Le-progres_L-ouverture-des-commerces-le-dimanche-divise-toujours-la-majorite_03-01-2022-768x1086.jpeg 768w, https:\/\/villeurbanne-insoumise-ensemble.fr\/wp-content\/uploads\/2022\/01\/Le-progres_L-ouverture-des-commerces-le-dimanche-divise-toujours-la-majorite_03-01-2022-1086x1536.jpeg 1086w, https:\/\/villeurbanne-insoumise-ensemble.fr\/wp-content\/uploads\/2022\/01\/Le-progres_L-ouverture-des-commerces-le-dimanche-divise-toujours-la-majorite_03-01-2022-1448x2048.jpeg 1448w, https:\/\/villeurbanne-insoumise-ensemble.fr\/wp-content\/uploads\/2022\/01\/Le-progres_L-ouverture-des-commerces-le-dimanche-divise-toujours-la-majorite_03-01-2022-300x424.jpeg 300w, https:\/\/villeurbanne-insoumise-ensemble.fr\/wp-content\/uploads\/2022\/01\/Le-progres_L-ouverture-des-commerces-le-dimanche-divise-toujours-la-majorite_03-01-2022-850x1202.jpeg 850w, https:\/\/villeurbanne-insoumise-ensemble.fr\/wp-content\/uploads\/2022\/01\/Le-progres_L-ouverture-des-commerces-le-dimanche-divise-toujours-la-majorite_03-01-2022.jpeg 1654w\" sizes=\"(max-width: 724px) 100vw, 724px\" \/><\/figure>\n","protected":false},"excerpt":{"rendered":"<p>Le Progr\u00e8s s&#8217;est fait l&#8217;\u00e9cho de notre intervention commune avec le groupe Communiste et R\u00e9publicain lors du dernier conseil municipal. <\/p>\n","protected":false},"author":1,"featured_media":0,"comment_status":"open","ping_status":"open","sticky":false,"template":"","format":"standard","meta":[],"categories":[5],"tags":[],"_links":{"self":[{"href":"https:\/\/villeurbanne-insoumise-ensemble.fr\/index.php?rest_route=\/wp\/v2\/posts\/947"}],"collection":[{"href":"https:\/\/villeurbanne-insoumise-ensemble.fr\/index.php?rest_route=\/wp\/v2\/posts"}],"about":[{"href":"https:\/\/villeurbanne-insoumise-ensemble.fr\/index.php?rest_route=\/wp\/v2\/types\/post"}],"author":[{"embeddable":true,"href":"https:\/\/villeurbanne-insoumise-ensemble.fr\/index.php?rest_route=\/wp\/v2\/users\/1"}],"replies":[{"embeddable":true,"href":"https:\/\/villeurbanne-insoumise-ensemble.fr\/index.php?rest_route=%2Fwp%2Fv2%2Fcomments&post=947"}],"version-history":[{"count":2,"href":"https:\/\/villeurbanne-insoumise-ensemble.fr\/index.php?rest_route=\/wp\/v2\/posts\/947\/revisions"}],"predecessor-version":[{"id":963,"href":"https:\/\/villeurbanne-insoumise-ensemble.fr\/index.php?rest_route=\/wp\/v2\/posts\/947\/revisions\/963"}],"wp:attachment":[{"href":"https:\/\/villeurbanne-insoumise-ensemble.fr\/index.php?rest_route=%2Fwp%2Fv2%2Fmedia&parent=947"}],"wp:term":[{"taxonomy":"category","embeddable":true,"href":"https:\/\/villeurbanne-insoumise-ensemble.fr\/index.php?rest_route=%2Fwp%2Fv2%2Fcategories&post=947"},{"taxonomy":"post_tag","embeddable":true,"href":"https:\/\/villeurbanne-insoumise-ensemble.fr\/index.php?rest_route=%2Fwp%2Fv2%2Ftags&post=947"}],"curies":[{"name":"wp","href":"https:\/\/api.w.org\/{rel}","templated":true}]}}