{"id":925,"date":"2021-12-17T14:52:00","date_gmt":"2021-12-17T13:52:00","guid":{"rendered":"https:\/\/villeurbanne-insoumise-ensemble.fr\/?p=925"},"modified":"2023-11-21T11:21:16","modified_gmt":"2023-11-21T10:21:16","slug":"soutenons-une-reduction-drastique-du-travail-le-dimanche","status":"publish","type":"post","link":"https:\/\/villeurbanne-insoumise-ensemble.fr\/?p=925","title":{"rendered":"Soutenons une r\u00e9duction drastique du travail le dimanche !"},"content":{"rendered":"\n<p><em>Par Julien Ravello<\/em><\/p>\n\n\n\n<figure class=\"wp-block-embed is-type-video is-provider-youtube wp-block-embed-youtube wp-embed-aspect-16-9 wp-has-aspect-ratio\"><div class=\"wp-block-embed__wrapper\">\n<iframe loading=\"lazy\" title=\"Julien Ravello - Soutenons une r\u00e9duction drastique du travail le dimanche !\" width=\"640\" height=\"360\" src=\"https:\/\/www.youtube.com\/embed\/6dpQvsi2PpI?feature=oembed\" frameborder=\"0\" allow=\"accelerometer; autoplay; clipboard-write; encrypted-media; gyroscope; picture-in-picture\" allowfullscreen><\/iframe>\n<\/div><\/figure>\n\n\n\n<p>Comme l&#8217;ann\u00e9e derni\u00e8re, les groupes Communistes et R\u00e9publicains et Villeurbanne Insoumise Ensemble! voteront contre cette d\u00e9lib\u00e9ration. Nous sommes toujours oppos\u00e9\u00b7e\u00b7s au travail le dimanche et pour les m\u00eames raisons : confusion entre la vie priv\u00e9e et celle au travail, perte de sociabilit\u00e9, promotion de la soci\u00e9t\u00e9 de consommation,\u00a0augmentation du temps de travail, fable du volontariat et\u00a0contrainte faite aux salari\u00e9\u00b7e\u00b7s, autre fable de l&#8217;augmentation du chiffre d&#8217;affaires alors que le pouvoir d&#8217;achat diminue,\u00a0etc\u00e9t\u00e9ra.\u00a0<\/p>\n\n\n\n<p>Tout en restant coh\u00e9rents avec le mod\u00e8le de soci\u00e9t\u00e9 auquel nous aspirons, nous savons cependant que voter syst\u00e9matiquement contre n&#8217;est pas tr\u00e8s productif puisque la d\u00e9lib\u00e9ration recevra quand m\u00eame&nbsp;et malheureusement&nbsp;une majorit\u00e9 pour, et que le nombre&nbsp;de&nbsp;dimanche ouverts en 2022 restera quasiment le m\u00eame qu&#8217;en 2021. Nous pr\u00e9f\u00e8rerions largement travailler&nbsp;collectivement&nbsp;sur la r\u00e9duction progressive du nombre de dimanche travaill\u00e9s \u00e0 Villeurbanne.&nbsp;Il nous semble d&#8217;ailleurs qu&#8217;une telle d\u00e9marche avait \u00e9t\u00e9 envisag\u00e9e et m\u00eame discut\u00e9e l&#8217;ann\u00e9e derni\u00e8re, mais \u00e0 ce jour et \u00e0 notre connaissance, rien n&#8217;a \u00e9t\u00e9 lanc\u00e9 ou n&#8217;a abouti.&nbsp;Il y a un petit progr\u00e8s cette ann\u00e9e, vous l\u2019avez dit monsieur l\u2019adjoint, avec la r\u00e9duction des&nbsp;ouvertures pour les tr\u00e8s grandes surfaces ; malgr\u00e9 tout, cela n&#8217;est ni suffisant, ni \u00e0 la hauteur de ce que devrait faire une majorit\u00e9 de gauche.<\/p>\n\n\n\n<p>Je profite donc de la tribune que m&#8217;offre ce conseil pour demander \u00e0 travailler&nbsp;ensemble&nbsp;sur ce sujet d&#8217;ici \u00e0 l&#8217;ann\u00e9e prochaine, pour que nous nous fixions des objectifs clairs de r\u00e9duction. Bien s\u00fbr, nous pr\u00e9f\u00e9rons qu&#8217;aucun dimanche ne soit ouvert.&nbsp;Nous attendons votre avis, mais aussi celui des principaux et principales concern\u00e9\u00b7e\u00b7s : en premier lieu les salari\u00e9.es, mais aussi les villeurbannaises et villeurbannais, et bien s\u00fbr les commer\u00e7ants afin qu&#8217;une \u00e9valuation objective soit faite.<\/p>\n\n\n\n<p>Pour finir, on nous r\u00e9torque que cette d\u00e9lib\u00e9ration ne sert pas \u00e0 grand-chose car le Pr\u00e9fet peut nous imposer le nombre de dimanche \u00e0 ouvrir. Parfait, alors affirmons clairement nos positions et soutenons une r\u00e9duction drastique !<\/p>\n","protected":false},"excerpt":{"rendered":"<p>Par Julien Ravello Comme l&#8217;ann\u00e9e derni\u00e8re, les groupes Communistes et R\u00e9publicains et Villeurbanne Insoumise Ensemble! voteront contre cette d\u00e9lib\u00e9ration. Nous sommes toujours oppos\u00e9\u00b7e\u00b7s au travail le dimanche et pour les m\u00eames raisons : confusion entre la vie priv\u00e9e et celle au travail, perte de sociabilit\u00e9, promotion de la soci\u00e9t\u00e9 de consommation,\u00a0augmentation du temps de travail,&#8230;<\/p>\n","protected":false},"author":1,"featured_media":0,"comment_status":"open","ping_status":"open","sticky":false,"template":"","format":"standard","meta":[],"categories":[95,7],"tags":[],"_links":{"self":[{"href":"https:\/\/villeurbanne-insoumise-ensemble.fr\/index.php?rest_route=\/wp\/v2\/posts\/925"}],"collection":[{"href":"https:\/\/villeurbanne-insoumise-ensemble.fr\/index.php?rest_route=\/wp\/v2\/posts"}],"about":[{"href":"https:\/\/villeurbanne-insoumise-ensemble.fr\/index.php?rest_route=\/wp\/v2\/types\/post"}],"author":[{"embeddable":true,"href":"https:\/\/villeurbanne-insoumise-ensemble.fr\/index.php?rest_route=\/wp\/v2\/users\/1"}],"replies":[{"embeddable":true,"href":"https:\/\/villeurbanne-insoumise-ensemble.fr\/index.php?rest_route=%2Fwp%2Fv2%2Fcomments&post=925"}],"version-history":[{"count":1,"href":"https:\/\/villeurbanne-insoumise-ensemble.fr\/index.php?rest_route=\/wp\/v2\/posts\/925\/revisions"}],"predecessor-version":[{"id":926,"href":"https:\/\/villeurbanne-insoumise-ensemble.fr\/index.php?rest_route=\/wp\/v2\/posts\/925\/revisions\/926"}],"wp:attachment":[{"href":"https:\/\/villeurbanne-insoumise-ensemble.fr\/index.php?rest_route=%2Fwp%2Fv2%2Fmedia&parent=925"}],"wp:term":[{"taxonomy":"category","embeddable":true,"href":"https:\/\/villeurbanne-insoumise-ensemble.fr\/index.php?rest_route=%2Fwp%2Fv2%2Fcategories&post=925"},{"taxonomy":"post_tag","embeddable":true,"href":"https:\/\/villeurbanne-insoumise-ensemble.fr\/index.php?rest_route=%2Fwp%2Fv2%2Ftags&post=925"}],"curies":[{"name":"wp","href":"https:\/\/api.w.org\/{rel}","templated":true}]}}