{"id":923,"date":"2021-12-17T14:51:00","date_gmt":"2021-12-17T13:51:00","guid":{"rendered":"https:\/\/villeurbanne-insoumise-ensemble.fr\/?p=923"},"modified":"2023-11-21T11:21:11","modified_gmt":"2023-11-21T10:21:11","slug":"il-faut-augmenter-les-ressources-de-la-caf","status":"publish","type":"post","link":"https:\/\/villeurbanne-insoumise-ensemble.fr\/?p=923","title":{"rendered":"Il faut augmenter les ressources de la CAF !"},"content":{"rendered":"\n<p><em>Par Morgane Guillas<\/em><\/p>\n\n\n\n<figure class=\"wp-block-embed is-type-video is-provider-youtube wp-block-embed-youtube wp-embed-aspect-16-9 wp-has-aspect-ratio\"><div class=\"wp-block-embed__wrapper\">\n<iframe loading=\"lazy\" title=\"Morgane Guillas - Il faut augmenter les ressources de la CAF !\" width=\"640\" height=\"360\" src=\"https:\/\/www.youtube.com\/embed\/Uc63QU4UoSs?feature=oembed\" frameborder=\"0\" allow=\"accelerometer; autoplay; clipboard-write; encrypted-media; gyroscope; picture-in-picture\" allowfullscreen><\/iframe>\n<\/div><\/figure>\n\n\n\n<p>La Caisse d\u2019allocations familiales change son mode de calcul et donc ses financements aux structures sociales, et les premiers \u00e9chos que nous en avons nous alarment.<\/p>\n\n\n\n<p>L\u2019enveloppe globale sera d\u00e9sormais r\u00e9partie sur davantage d&#8217;organismes. On ne peut que se satisfaire de l\u2019\u00e9largissement des aides de l\u2019\u00c9tat, mais pas \u00e0 enveloppe constante comme c\u2019est le cas ici : les aides vont m\u00e9caniquement diminuer pour les structures qui en b\u00e9n\u00e9ficiaient d\u00e9j\u00e0 auparavant.\u00a0<\/p>\n\n\n\n<p>Ce n\u2019est pas le seul changement que nous avons remarqu\u00e9. En voici quelques autres :<\/p>\n\n\n\n<ul><li>Pour fixer le montant du financement annuel et pour les 5 ann\u00e9es \u00e0 venir, la CAF va s\u2019appuyer sur une ann\u00e9e de r\u00e9f\u00e9rence qui n\u2019est pas encore connue. Les centres sociaux avec lesquels nous avons eu des contacts sont inquiets de cette mesure car les ann\u00e9es 2020 et 2021 ne refl\u00e8tent pas la r\u00e9alit\u00e9 de leurs activit\u00e9s et si elles devaient devenir la r\u00e9f\u00e9rence pour le calcul de leurs financements, le montant de leurs aides serait trop faible par rapport \u00e0 leurs besoins. Pour obtenir une bonne ann\u00e9e de r\u00e9f\u00e9rence, les structures devront sans doute optimiser le nombre d\u2019actes, privil\u00e9gier les adh\u00e9sions qui &#8220;rapportent&#8221; (quotient familial \u00e9lev\u00e9, etc). De ce fait les structures vont \u00eatre en concurrence.<\/li><li>Deuxi\u00e8me point, jusqu&#8217;ici le montant du financement \u00e9tait fixe, il devient d\u00e9sormais un plafond : si les centres sociaux font plus d\u2019activit\u00e9s, ils ne toucheront pas plus d\u2019argent ; en revanche, s\u2019ils en font moins, ils en toucheront moins.<\/li><li>Et troisi\u00e8me point enfin, les financements sont d\u00e9sormais variables ce qui rajoute de l\u2019incertitude pour les structures sur le devenir de leurs recettes pour l\u2019ann\u00e9e suivante.<\/li><\/ul>\n\n\n\n<p>Encore une fois, l\u2019id\u00e9ologie de la concurrence, de la performance et de la rentabilit\u00e9 remplace celle de l\u2019entre-aide. Les structures sont d\u00e9sormais mises en concurrence entre elles pour toucher la part la plus large de l\u2019enveloppe. La CAF se d\u00e9sengage du public 12-17 ans et des jeunes majeurs : c&#8217;est pourtant la tranche la plus compliqu\u00e9e car \u00e0 cet \u00e2ge ils sont prescripteurs de leurs loisirs et sans une offre attrayante (et donc financ\u00e9e) ils d\u00e9sertent les centres sociaux et restent en bas de chez eux. Et on sait ensuite ce que le d\u00e9s\u0153uvrement peut produire.<\/p>\n\n\n\n<p>En conclusion, nous savons que toutes les structures ont besoin d\u2019argent, toutes les tranches d\u2019\u00e2ge m\u00e9ritent qu\u2019on leur finance des animations. Et plut\u00f4t que de contraindre la CAF \u00e0 organiser la di\u00e8te financi\u00e8re au sein des organismes sociaux, le gouvernement devrait augmenter les ressources globales pour qu\u2019elles puissent mener correctement leurs missions d\u2019int\u00e9r\u00eat g\u00e9n\u00e9ral.\u00a0<\/p>\n","protected":false},"excerpt":{"rendered":"<p>Par Morgane Guillas La Caisse d\u2019allocations familiales change son mode de calcul et donc ses financements aux structures sociales, et les premiers \u00e9chos que nous en avons nous alarment. L\u2019enveloppe globale sera d\u00e9sormais r\u00e9partie sur davantage d&#8217;organismes. On ne peut que se satisfaire de l\u2019\u00e9largissement des aides de l\u2019\u00c9tat, mais pas \u00e0 enveloppe constante comme&#8230;<\/p>\n","protected":false},"author":1,"featured_media":0,"comment_status":"open","ping_status":"open","sticky":false,"template":"","format":"standard","meta":[],"categories":[95,7],"tags":[],"_links":{"self":[{"href":"https:\/\/villeurbanne-insoumise-ensemble.fr\/index.php?rest_route=\/wp\/v2\/posts\/923"}],"collection":[{"href":"https:\/\/villeurbanne-insoumise-ensemble.fr\/index.php?rest_route=\/wp\/v2\/posts"}],"about":[{"href":"https:\/\/villeurbanne-insoumise-ensemble.fr\/index.php?rest_route=\/wp\/v2\/types\/post"}],"author":[{"embeddable":true,"href":"https:\/\/villeurbanne-insoumise-ensemble.fr\/index.php?rest_route=\/wp\/v2\/users\/1"}],"replies":[{"embeddable":true,"href":"https:\/\/villeurbanne-insoumise-ensemble.fr\/index.php?rest_route=%2Fwp%2Fv2%2Fcomments&post=923"}],"version-history":[{"count":1,"href":"https:\/\/villeurbanne-insoumise-ensemble.fr\/index.php?rest_route=\/wp\/v2\/posts\/923\/revisions"}],"predecessor-version":[{"id":924,"href":"https:\/\/villeurbanne-insoumise-ensemble.fr\/index.php?rest_route=\/wp\/v2\/posts\/923\/revisions\/924"}],"wp:attachment":[{"href":"https:\/\/villeurbanne-insoumise-ensemble.fr\/index.php?rest_route=%2Fwp%2Fv2%2Fmedia&parent=923"}],"wp:term":[{"taxonomy":"category","embeddable":true,"href":"https:\/\/villeurbanne-insoumise-ensemble.fr\/index.php?rest_route=%2Fwp%2Fv2%2Fcategories&post=923"},{"taxonomy":"post_tag","embeddable":true,"href":"https:\/\/villeurbanne-insoumise-ensemble.fr\/index.php?rest_route=%2Fwp%2Fv2%2Ftags&post=923"}],"curies":[{"name":"wp","href":"https:\/\/api.w.org\/{rel}","templated":true}]}}