{"id":92,"date":"2020-10-12T12:05:00","date_gmt":"2020-10-12T10:05:00","guid":{"rendered":"http:\/\/villeurbanne-insoumise-ensemble.fr\/?p=92"},"modified":"2023-11-22T15:32:04","modified_gmt":"2023-11-22T14:32:04","slug":"charte-des-sans-abris-les-besoins-humains-sont-des-droits","status":"publish","type":"post","link":"https:\/\/villeurbanne-insoumise-ensemble.fr\/?p=92","title":{"rendered":"Charte des sans abris : les besoins humains sont des droits !"},"content":{"rendered":"\n<p><em>Par Danielle Carasco<\/em><\/p>\n\n\n\n<figure class=\"wp-block-embed is-type-video is-provider-youtube wp-block-embed-youtube wp-embed-aspect-16-9 wp-has-aspect-ratio\"><div class=\"wp-block-embed__wrapper\">\n<iframe loading=\"lazy\" title=\"Danielle Carasco - Charte des sans-abris\" width=\"640\" height=\"360\" src=\"https:\/\/www.youtube.com\/embed\/6ZTMFi1dTS8?feature=oembed\" frameborder=\"0\" allow=\"accelerometer; autoplay; clipboard-write; encrypted-media; gyroscope; picture-in-picture\" allowfullscreen><\/iframe>\n<\/div><\/figure>\n\n\n\n<p>Notre groupe Villeurbanne Insoumise Ensemble ! est ravi et fier d&#8217;approuver avec vous la signature de la d\u00e9claration des sans-abris. Plus qu&#8217;une promesse de campagne faite \u00e0 la Fondation Abb\u00e9 Pierre, le respect et l&#8217;acquisition de nouveaux droits est au c\u0153ur de notre ADN politique et nous porterons toutes les mesures qui font progresser les droits humains. Les besoins fondamentaux, parce qu&#8217;ils sont indispensables, sont des droits, et les politiques publiques doivent veiller \u00e0 leur respect. <\/p>\n\n\n\n<p>Ici, \u00e0 Villeurbanne, cette signature nous donne une feuille de route, un horizon pour les six ans \u00e0 venir. C&#8217;est une grande responsabilit\u00e9 prise envers les sans-abris, et nous en sommes conscients. Cette politique s\u2019inscrit dans la continuit\u00e9 de ce qui a d\u00e9j\u00e0 \u00e9t\u00e9 r\u00e9alis\u00e9 par la majorit\u00e9 pr\u00e9c\u00e9dente, que nous tenons \u00e0 saluer pour son engagement et la d\u00e9marche&#8221;Accueillir \u00e0 Villeurbanne &#8221; a permis de belles avanc\u00e9es. Notamment, on a ouvert des bains-douches qui manquaient tant ! Notre groupe s&#8217;inscrit dans cette continuit\u00e9, et nos deux adjoint.e.s Agathe Fort et Mathieu Garabedian poursuivront les efforts d\u00e9j\u00e0 fournis.<\/p>\n\n\n\n<p>Le sans-abris subit des discriminations li\u00e9es \u00e0 son statut, qui l&#8217;enfoncent dans une spirale de d\u00e9shumanisation. La situation est d&#8217;autant plus pr\u00e9occupante que la crise du Covid-19 a rendu fragile bon nombre de nos concitoyens et concitoyennes, et que le nombre de sans-abris est en train d&#8217;exploser. Nous devons donc augmenter notre vigilance et nos mesures d&#8217;aide pour \u00e9viter une pr\u00e9carisation g\u00e9n\u00e9rale de la population. <\/p>\n\n\n\n<p>Il reste encore beaucoup \u00e0 faire et pourtant, des premi\u00e8res mesures sont d\u00e9j\u00e0 en cours de lancement. Je veux parler par exemple du processus de conventionnement avec l\u2019\u00c9tat et la m\u00e9tropole de Lyon. Il nous permettra de s\u00e9curiser des squats d\u00e9j\u00e0 existants et de mettre en place des sites d&#8217;h\u00e9bergements d&#8217;urgence.<\/p>\n\n\n\n<p>Mais comme nous invite \u00e0 le faire la fondation Abb\u00e9 Pierre, voyons plus loin, m\u00eame, que le logement ! L&#8217;insertion professionnelle, l&#8217;insertion sociale, sont aussi essentielles pour faire soci\u00e9t\u00e9. Dans les mois et ann\u00e9es \u00e0 venir, il nous faudra mettre tous nos efforts dans la r\u00e9alisation du centre de sant\u00e9 ouvert sans conditions, pour que se soigner ne devienne pas un luxe. <\/p>\n\n\n\n<p>Il nous faudra aussi lutter contre toutes les formes de discriminations qui peuvent mener \u00e0 la rue. Les femmes battues, les migrants,les migrantes et les sans-papiers, les personnes handicap\u00e9es, pourront \u00eatre aid\u00e9s d\u00e8s que nous aurons ouvert la Maison de l&#8217;\u00e9galit\u00e9 et des droits. Avec elle, nous pourrons lutter plus efficacement contre le non-recours aux aides.<\/p>\n\n\n\n<p>Pour finir, nous devrons aussi appuyer et p\u00e9renniser toutes les initiatives qui encouragent l&#8217;accueil des sans-abris. Ch\u00e8res et chers coll\u00e8gues, comme vous le savez, cette th\u00e9matique est plus que jamais d&#8217;actualit\u00e9 ; mercredi dernier,le d\u00e9placement de la Pr\u00e9fecture au squat ex coll\u00e8ge Maurice Sc\u00e8ve pour y effectuer un recensement confirme la tr\u00e8s prochaine expulsion des lieux. Nous sommes tr\u00e8s heureux et tr\u00e8s heureuses que Villeurbanne prenne sa part dans le relogement des habitants actuels. Nous sommes solidaires et partie prenante des d\u00e9cisions qui seront prises, respectueuses de la dignit\u00e9 des personnes concern\u00e9es et potentiellement des futurs&#8221;sans abris&#8221;. La suite est entre nos mains : c&#8217;est maintenant \u00e0 nous d&#8217;aider ces jeunes gens \u00e0 trouver un logement durable et \u00e0 favoriser leur inclusion dans la cit\u00e9.<\/p>\n","protected":false},"excerpt":{"rendered":"<p>Par Danielle Carasco Notre groupe Villeurbanne Insoumise Ensemble ! est ravi et fier d&#8217;approuver avec vous la signature de la d\u00e9claration des sans-abris. Plus qu&#8217;une promesse de campagne faite \u00e0 la Fondation Abb\u00e9 Pierre, le respect et l&#8217;acquisition de nouveaux droits est au c\u0153ur de notre ADN politique et nous porterons toutes les mesures qui&#8230;<\/p>\n","protected":false},"author":1,"featured_media":0,"comment_status":"open","ping_status":"open","sticky":false,"template":"","format":"standard","meta":[],"categories":[58,7,15],"tags":[53,180],"_links":{"self":[{"href":"https:\/\/villeurbanne-insoumise-ensemble.fr\/index.php?rest_route=\/wp\/v2\/posts\/92"}],"collection":[{"href":"https:\/\/villeurbanne-insoumise-ensemble.fr\/index.php?rest_route=\/wp\/v2\/posts"}],"about":[{"href":"https:\/\/villeurbanne-insoumise-ensemble.fr\/index.php?rest_route=\/wp\/v2\/types\/post"}],"author":[{"embeddable":true,"href":"https:\/\/villeurbanne-insoumise-ensemble.fr\/index.php?rest_route=\/wp\/v2\/users\/1"}],"replies":[{"embeddable":true,"href":"https:\/\/villeurbanne-insoumise-ensemble.fr\/index.php?rest_route=%2Fwp%2Fv2%2Fcomments&post=92"}],"version-history":[{"count":2,"href":"https:\/\/villeurbanne-insoumise-ensemble.fr\/index.php?rest_route=\/wp\/v2\/posts\/92\/revisions"}],"predecessor-version":[{"id":730,"href":"https:\/\/villeurbanne-insoumise-ensemble.fr\/index.php?rest_route=\/wp\/v2\/posts\/92\/revisions\/730"}],"wp:attachment":[{"href":"https:\/\/villeurbanne-insoumise-ensemble.fr\/index.php?rest_route=%2Fwp%2Fv2%2Fmedia&parent=92"}],"wp:term":[{"taxonomy":"category","embeddable":true,"href":"https:\/\/villeurbanne-insoumise-ensemble.fr\/index.php?rest_route=%2Fwp%2Fv2%2Fcategories&post=92"},{"taxonomy":"post_tag","embeddable":true,"href":"https:\/\/villeurbanne-insoumise-ensemble.fr\/index.php?rest_route=%2Fwp%2Fv2%2Ftags&post=92"}],"curies":[{"name":"wp","href":"https:\/\/api.w.org\/{rel}","templated":true}]}}