{"id":910,"date":"2021-12-02T09:58:45","date_gmt":"2021-12-02T08:58:45","guid":{"rendered":"https:\/\/villeurbanne-insoumise-ensemble.fr\/?p=910"},"modified":"2021-12-02T10:05:33","modified_gmt":"2021-12-02T09:05:33","slug":"lambition-cest-que-les-valeurs-de-less-deviennent-la-norme","status":"publish","type":"post","link":"https:\/\/villeurbanne-insoumise-ensemble.fr\/?p=910","title":{"rendered":"&#8220;L&#8217;ambition, c&#8217;est que les valeurs de l&#8217;ESS deviennent la norme&#8221;"},"content":{"rendered":"\n<p><a href=\"https:\/\/villeurbanne-insoumise-ensemble.fr\/?page_id=279\" target=\"_blank\" rel=\"noreferrer noopener\">Julien Ravello<\/a> a r\u00e9pondu aux questions de Mag2Lyon pour son num\u00e9ro sp\u00e9cial \u00e0 propos de l&#8217;\u00e9conomie sociale et solidaire. &#8220;<em>Le principal enjeu, c&#8217;est de mener des politiques transversales pour ne pas cantonner l&#8217;ESS \u00e0 une alternative \u00e9conomique. L&#8217;ambition, c&#8217;est que les valeurs de l&#8217;ESS deviennent la norme pour que l&#8217;\u00e9conomie soit au service de l&#8217;humain et de la nature, et non l&#8217;inverse<\/em>.&#8221;<\/p>\n\n\n\n<p>Pour lire l&#8217;article complet, c&#8217;est en-dessous !<\/p>\n\n\n\n<figure class=\"wp-block-image size-large\"><img loading=\"lazy\" width=\"1024\" height=\"723\" src=\"https:\/\/villeurbanne-insoumise-ensemble.fr\/wp-content\/uploads\/2021\/12\/Article-ESS-Julien_2021.11-1024x723.png\" alt=\"\" class=\"wp-image-911\" srcset=\"https:\/\/villeurbanne-insoumise-ensemble.fr\/wp-content\/uploads\/2021\/12\/Article-ESS-Julien_2021.11-1024x723.png 1024w, https:\/\/villeurbanne-insoumise-ensemble.fr\/wp-content\/uploads\/2021\/12\/Article-ESS-Julien_2021.11-300x212.png 300w, https:\/\/villeurbanne-insoumise-ensemble.fr\/wp-content\/uploads\/2021\/12\/Article-ESS-Julien_2021.11-768x542.png 768w, https:\/\/villeurbanne-insoumise-ensemble.fr\/wp-content\/uploads\/2021\/12\/Article-ESS-Julien_2021.11-1536x1085.png 1536w, https:\/\/villeurbanne-insoumise-ensemble.fr\/wp-content\/uploads\/2021\/12\/Article-ESS-Julien_2021.11-2048x1447.png 2048w, https:\/\/villeurbanne-insoumise-ensemble.fr\/wp-content\/uploads\/2021\/12\/Article-ESS-Julien_2021.11-850x600.png 850w\" sizes=\"(max-width: 1024px) 100vw, 1024px\" \/><figcaption>Hors-s\u00e9rie &#8211; Mag2Lyon &#8211; Sp\u00e9cial ESS<\/figcaption><\/figure>\n","protected":false},"excerpt":{"rendered":"<p>Julien Ravello a r\u00e9pondu aux questions de Mag2Lyon pour son num\u00e9ro sp\u00e9cial \u00e0 propos de l&#8217;\u00e9conomie sociale et solidaire. &#8220;Le principal enjeu, c&#8217;est de mener des politiques transversales pour ne pas cantonner l&#8217;ESS \u00e0 une alternative \u00e9conomique. L&#8217;ambition, c&#8217;est que les valeurs de l&#8217;ESS deviennent la norme pour que l&#8217;\u00e9conomie soit au service de l&#8217;humain et de la nature, et non l&#8217;inverse.&#8221;<\/p>\n","protected":false},"author":1,"featured_media":0,"comment_status":"open","ping_status":"open","sticky":false,"template":"","format":"standard","meta":[],"categories":[5],"tags":[88],"_links":{"self":[{"href":"https:\/\/villeurbanne-insoumise-ensemble.fr\/index.php?rest_route=\/wp\/v2\/posts\/910"}],"collection":[{"href":"https:\/\/villeurbanne-insoumise-ensemble.fr\/index.php?rest_route=\/wp\/v2\/posts"}],"about":[{"href":"https:\/\/villeurbanne-insoumise-ensemble.fr\/index.php?rest_route=\/wp\/v2\/types\/post"}],"author":[{"embeddable":true,"href":"https:\/\/villeurbanne-insoumise-ensemble.fr\/index.php?rest_route=\/wp\/v2\/users\/1"}],"replies":[{"embeddable":true,"href":"https:\/\/villeurbanne-insoumise-ensemble.fr\/index.php?rest_route=%2Fwp%2Fv2%2Fcomments&post=910"}],"version-history":[{"count":2,"href":"https:\/\/villeurbanne-insoumise-ensemble.fr\/index.php?rest_route=\/wp\/v2\/posts\/910\/revisions"}],"predecessor-version":[{"id":916,"href":"https:\/\/villeurbanne-insoumise-ensemble.fr\/index.php?rest_route=\/wp\/v2\/posts\/910\/revisions\/916"}],"wp:attachment":[{"href":"https:\/\/villeurbanne-insoumise-ensemble.fr\/index.php?rest_route=%2Fwp%2Fv2%2Fmedia&parent=910"}],"wp:term":[{"taxonomy":"category","embeddable":true,"href":"https:\/\/villeurbanne-insoumise-ensemble.fr\/index.php?rest_route=%2Fwp%2Fv2%2Fcategories&post=910"},{"taxonomy":"post_tag","embeddable":true,"href":"https:\/\/villeurbanne-insoumise-ensemble.fr\/index.php?rest_route=%2Fwp%2Fv2%2Ftags&post=910"}],"curies":[{"name":"wp","href":"https:\/\/api.w.org\/{rel}","templated":true}]}}