{"id":908,"date":"2021-12-01T09:58:28","date_gmt":"2021-12-01T08:58:28","guid":{"rendered":"https:\/\/villeurbanne-insoumise-ensemble.fr\/?p=908"},"modified":"2023-11-21T11:22:16","modified_gmt":"2023-11-21T10:22:16","slug":"contre-lextreme-droite-refusons-les-discriminations","status":"publish","type":"post","link":"https:\/\/villeurbanne-insoumise-ensemble.fr\/?p=908","title":{"rendered":"Contre l&#8217;extr\u00eame-droite, refusons les discriminations !"},"content":{"rendered":"\n<p>Article 1er. \u00ab <em>Les hommes naissent et demeurent libres et \u00e9gaux en droits. Les distinctions sociales ne peuvent \u00eatre fond\u00e9es que sur l&#8217;utilit\u00e9 commune.<\/em> \u00bb<\/p>\n\n\n\n<p>Il est parfois bon de revenir aux fondamentaux.<\/p>\n\n\n\n<p>Depuis la fin du mois d\u2019ao\u00fbt, plus de 50% du temps m\u00e9diatique est consacr\u00e9 \u00e0 l\u2019extr\u00eame-droite et \u00e0 ses th\u00e9matiques. Il faut dire que depuis que l\u2019empire de M. Bollor\u00e9 d\u00e9roule le tapis rouge \u00e0 son nouveau repr\u00e9sentant, il devient banal de glorifier la haine de la diff\u00e9rence, la haine de l\u2019autre. <\/p>\n\n\n\n<p>Comment ne pas relier la mont\u00e9e de l\u2019extr\u00eame-droite au creusement des in\u00e9galit\u00e9s ? Dans l\u2019histoire, c\u2019est souvent avec les p\u00e9riodes troubles que repara\u00eet un nationalisme naus\u00e9abond. L\u2019ins\u00e9curit\u00e9 \u00e9conomique croissante chez les plus pauvres est l\u2019un des facteurs qui pousse au vote contestataire. Mais les th\u00e9matiques de l\u2019extr\u00eame-droite ne sont pas celles qui pourront r\u00e9soudre les probl\u00e8mes quotidiens des gens. Car c\u2019est plut\u00f4t de cela que nous devrions nous soucier ; les riches de plus en plus riches, les pauvres de plus en plus pauvres, sur fond de d\u00e9gradation \u00e9cologique, sont des questions bien plus importantes que la mani\u00e8re dont s\u2019habille le voisin.<\/p>\n\n\n\n<p>Plut\u00f4t que de pointer du doigt une partie de la population, il faut lutter contre les discriminations que beaucoup de personnes subissent. Aucun argument social, \u00e9conomique ou culturel ne peut les justifier. Dans ces temps difficiles, nous avons plus que jamais besoin d\u2019entraide et de solidarit\u00e9, et c\u2019est \u00e0 quoi nous nous attelons. D\u2019abord, en observant les discriminations et en les quantifiant, gr\u00e2ce notamment \u00e0 la d\u00e9l\u00e9gu\u00e9e du D\u00e9fenseur des droits ou aux permanences d\u2019avocat de l\u2019association R\u00e9aji ; ensuite, en se formant pour ne pas les reproduire involontairement ; et enfin, en agissant pour r\u00e9tablir l\u2019\u00e9galit\u00e9, par exemple au sein des services de la mairie, des \u00e9coles ou aupr\u00e8s des associations.<\/p>\n\n\n\n<p>A un projet x\u00e9nophobe, nous opposons la n\u00e9cessit\u00e9 de services publics de qualit\u00e9, d&#8217;une fiscalit\u00e9 plus juste, de l\u2019\u00c9tat-providence.<\/p>\n","protected":false},"excerpt":{"rendered":"<p>Depuis la fin du mois d\u2019ao\u00fbt, plus de 50% du temps m\u00e9diatique est consacr\u00e9 \u00e0 l\u2019extr\u00eame-droite et \u00e0 ses th\u00e9matiques. Mais ce ne sont pas elles qui pourront r\u00e9soudre les probl\u00e8mes quotidiens des gens. Plut\u00f4t que de pointer du doigt une partie de la population, il faut lutter contre les discriminations que beaucoup de personnes subissent.<\/p>\n","protected":false},"author":1,"featured_media":0,"comment_status":"open","ping_status":"open","sticky":false,"template":"","format":"standard","meta":[],"categories":[19,17],"tags":[87,57],"_links":{"self":[{"href":"https:\/\/villeurbanne-insoumise-ensemble.fr\/index.php?rest_route=\/wp\/v2\/posts\/908"}],"collection":[{"href":"https:\/\/villeurbanne-insoumise-ensemble.fr\/index.php?rest_route=\/wp\/v2\/posts"}],"about":[{"href":"https:\/\/villeurbanne-insoumise-ensemble.fr\/index.php?rest_route=\/wp\/v2\/types\/post"}],"author":[{"embeddable":true,"href":"https:\/\/villeurbanne-insoumise-ensemble.fr\/index.php?rest_route=\/wp\/v2\/users\/1"}],"replies":[{"embeddable":true,"href":"https:\/\/villeurbanne-insoumise-ensemble.fr\/index.php?rest_route=%2Fwp%2Fv2%2Fcomments&post=908"}],"version-history":[{"count":1,"href":"https:\/\/villeurbanne-insoumise-ensemble.fr\/index.php?rest_route=\/wp\/v2\/posts\/908\/revisions"}],"predecessor-version":[{"id":909,"href":"https:\/\/villeurbanne-insoumise-ensemble.fr\/index.php?rest_route=\/wp\/v2\/posts\/908\/revisions\/909"}],"wp:attachment":[{"href":"https:\/\/villeurbanne-insoumise-ensemble.fr\/index.php?rest_route=%2Fwp%2Fv2%2Fmedia&parent=908"}],"wp:term":[{"taxonomy":"category","embeddable":true,"href":"https:\/\/villeurbanne-insoumise-ensemble.fr\/index.php?rest_route=%2Fwp%2Fv2%2Fcategories&post=908"},{"taxonomy":"post_tag","embeddable":true,"href":"https:\/\/villeurbanne-insoumise-ensemble.fr\/index.php?rest_route=%2Fwp%2Fv2%2Ftags&post=908"}],"curies":[{"name":"wp","href":"https:\/\/api.w.org\/{rel}","templated":true}]}}