{"id":890,"date":"2021-11-17T11:21:00","date_gmt":"2021-11-17T10:21:00","guid":{"rendered":"https:\/\/villeurbanne-insoumise-ensemble.fr\/?p=890"},"modified":"2021-12-01T09:14:47","modified_gmt":"2021-12-01T08:14:47","slug":"le-decrypte-du-conseil-municipal-discutons","status":"publish","type":"post","link":"https:\/\/villeurbanne-insoumise-ensemble.fr\/?p=890","title":{"rendered":"Le D\u00e9crypte du conseil municipal : discutons !"},"content":{"rendered":"\n<p>Innover dans le dialogue avec les habitants en utilisant les outils num\u00e9riques, voil\u00e0 l\u2019un des d\u00e9fis que s\u2019est lanc\u00e9 <a href=\"https:\/\/villeurbanne-insoumise-ensemble.fr\/?page_id=567\" target=\"_blank\" rel=\"noreferrer noopener\">Ga\u00ebtan Constant<\/a>. C\u2019est pour y r\u00e9pondre que s\u2019est tenue la premi\u00e8re \u00e9mission du <em>D\u00e9crypte<\/em>, sur Twitch, au lendemain du conseil municipal du 15 novembre. Le concept&nbsp;? Expliciter quelques d\u00e9cisions (aussi appel\u00e9es d\u00e9lib\u00e9rations) prises lors du conseil municipal, en discuter avec les internautes et montrer que la politique, ce sont des d\u00e9cisions concr\u00e8tes et effectives, compr\u00e9hensibles et accessibles \u00e0 chacun\u00b7e.<\/p>\n\n\n\n<figure class=\"wp-block-image size-large\"><img loading=\"lazy\" width=\"1024\" height=\"576\" src=\"https:\/\/villeurbanne-insoumise-ensemble.fr\/wp-content\/uploads\/2021\/11\/Decrypte_miniature-1024x576.jpg\" alt=\"\" class=\"wp-image-892\" srcset=\"https:\/\/villeurbanne-insoumise-ensemble.fr\/wp-content\/uploads\/2021\/11\/Decrypte_miniature-1024x576.jpg 1024w, https:\/\/villeurbanne-insoumise-ensemble.fr\/wp-content\/uploads\/2021\/11\/Decrypte_miniature-300x169.jpg 300w, https:\/\/villeurbanne-insoumise-ensemble.fr\/wp-content\/uploads\/2021\/11\/Decrypte_miniature-768x432.jpg 768w, https:\/\/villeurbanne-insoumise-ensemble.fr\/wp-content\/uploads\/2021\/11\/Decrypte_miniature-1536x864.jpg 1536w, https:\/\/villeurbanne-insoumise-ensemble.fr\/wp-content\/uploads\/2021\/11\/Decrypte_miniature-850x478.jpg 850w, https:\/\/villeurbanne-insoumise-ensemble.fr\/wp-content\/uploads\/2021\/11\/Decrypte_miniature.jpg 1600w\" sizes=\"(max-width: 1024px) 100vw, 1024px\" \/><\/figure>\n\n\n\n<p>Comme pour les premiers directs pr\u00e9sentant les missions des adjoint\u00b7e\u00b7s de la mairie, Ga\u00ebtan anime l\u2019\u00e9mission accompagn\u00e9 de l\u2019un\u00b7e des \u00e9lu\u00b7e\u00b7s. Pour cette premi\u00e8re, c\u2019est le maire qui s\u2019est pr\u00eat\u00e9 \u00e0 l\u2019exercice et qui a r\u00e9pondu aux questions ou remarques des internautes. Quatre sujets ont \u00e9t\u00e9 trait\u00e9s\u00a0: la transition \u00e9cologique, la lutte contre les discriminations, la pr\u00e9emption d&#8217;un terrain pour cr\u00e9er un jardin partag\u00e9 et la venue de la compagnie Royal Deluxe en septembre 2022.<\/p>\n\n\n\n<figure class=\"wp-block-image size-large\"><img loading=\"lazy\" width=\"1024\" height=\"576\" src=\"https:\/\/villeurbanne-insoumise-ensemble.fr\/wp-content\/uploads\/2021\/11\/Decrypte_miniature2-1024x576.jpg\" alt=\"\" class=\"wp-image-893\" srcset=\"https:\/\/villeurbanne-insoumise-ensemble.fr\/wp-content\/uploads\/2021\/11\/Decrypte_miniature2-1024x576.jpg 1024w, https:\/\/villeurbanne-insoumise-ensemble.fr\/wp-content\/uploads\/2021\/11\/Decrypte_miniature2-300x169.jpg 300w, https:\/\/villeurbanne-insoumise-ensemble.fr\/wp-content\/uploads\/2021\/11\/Decrypte_miniature2-768x432.jpg 768w, https:\/\/villeurbanne-insoumise-ensemble.fr\/wp-content\/uploads\/2021\/11\/Decrypte_miniature2-1536x864.jpg 1536w, https:\/\/villeurbanne-insoumise-ensemble.fr\/wp-content\/uploads\/2021\/11\/Decrypte_miniature2-850x478.jpg 850w, https:\/\/villeurbanne-insoumise-ensemble.fr\/wp-content\/uploads\/2021\/11\/Decrypte_miniature2.jpg 1600w\" sizes=\"(max-width: 1024px) 100vw, 1024px\" \/><\/figure>\n\n\n\n<p>En utilisant un canal de communication comme Twitch, Ga\u00ebtan entend bien toucher des populations qui ne s\u2019int\u00e9ressent pas forc\u00e9ment \u00e0 la politique. Si cette premi\u00e8re session n\u2019a r\u00e9uni en direct qu\u2019une vingtaine de personnes, l\u2019\u00e9quipe croit r\u00e9ellement au potentiel de ce format. Dans les prochains mois, Ga\u00ebtan proposera d\u2019autres \u00e9missions pour pr\u00e9senter les actions des \u00e9lu\u00b7e\u00b7s de la ville et susciter le d\u00e9bat avec les habitants et habitantes.<\/p>\n","protected":false},"excerpt":{"rendered":"<p>Innover dans le dialogue avec les habitants en utilisant les outils num\u00e9riques, voil\u00e0 l\u2019un des d\u00e9fis que s\u2019est lanc\u00e9 Ga\u00ebtan Constant. C\u2019est pour y r\u00e9pondre que s\u2019est tenue la premi\u00e8re \u00e9mission du D\u00e9crypte, sur Twitch, au lendemain du conseil municipal du 15 novembre.<\/p>\n","protected":false},"author":1,"featured_media":891,"comment_status":"open","ping_status":"open","sticky":false,"template":"","format":"standard","meta":[],"categories":[5],"tags":[],"_links":{"self":[{"href":"https:\/\/villeurbanne-insoumise-ensemble.fr\/index.php?rest_route=\/wp\/v2\/posts\/890"}],"collection":[{"href":"https:\/\/villeurbanne-insoumise-ensemble.fr\/index.php?rest_route=\/wp\/v2\/posts"}],"about":[{"href":"https:\/\/villeurbanne-insoumise-ensemble.fr\/index.php?rest_route=\/wp\/v2\/types\/post"}],"author":[{"embeddable":true,"href":"https:\/\/villeurbanne-insoumise-ensemble.fr\/index.php?rest_route=\/wp\/v2\/users\/1"}],"replies":[{"embeddable":true,"href":"https:\/\/villeurbanne-insoumise-ensemble.fr\/index.php?rest_route=%2Fwp%2Fv2%2Fcomments&post=890"}],"version-history":[{"count":7,"href":"https:\/\/villeurbanne-insoumise-ensemble.fr\/index.php?rest_route=\/wp\/v2\/posts\/890\/revisions"}],"predecessor-version":[{"id":907,"href":"https:\/\/villeurbanne-insoumise-ensemble.fr\/index.php?rest_route=\/wp\/v2\/posts\/890\/revisions\/907"}],"wp:featuredmedia":[{"embeddable":true,"href":"https:\/\/villeurbanne-insoumise-ensemble.fr\/index.php?rest_route=\/wp\/v2\/media\/891"}],"wp:attachment":[{"href":"https:\/\/villeurbanne-insoumise-ensemble.fr\/index.php?rest_route=%2Fwp%2Fv2%2Fmedia&parent=890"}],"wp:term":[{"taxonomy":"category","embeddable":true,"href":"https:\/\/villeurbanne-insoumise-ensemble.fr\/index.php?rest_route=%2Fwp%2Fv2%2Fcategories&post=890"},{"taxonomy":"post_tag","embeddable":true,"href":"https:\/\/villeurbanne-insoumise-ensemble.fr\/index.php?rest_route=%2Fwp%2Fv2%2Ftags&post=890"}],"curies":[{"name":"wp","href":"https:\/\/api.w.org\/{rel}","templated":true}]}}