{"id":857,"date":"2021-11-15T10:00:00","date_gmt":"2021-11-15T09:00:00","guid":{"rendered":"https:\/\/villeurbanne-insoumise-ensemble.fr\/?p=857"},"modified":"2021-11-19T10:07:57","modified_gmt":"2021-11-19T09:07:57","slug":"le-droit-au-non-numerique","status":"publish","type":"post","link":"https:\/\/villeurbanne-insoumise-ensemble.fr\/?p=857","title":{"rendered":"Le droit au non num\u00e9rique !"},"content":{"rendered":"\n<p>Le 31 octobre dernier, le journal <em>Le Progr\u00e8s <\/em>s&#8217;est pench\u00e9 sur les exclu\u00b7e\u00b7s du num\u00e9rique. Et cela tombe bien, car c&#8217;est pr\u00e9cis\u00e9ment l&#8217;un des sujets sur lesquels travaille <a href=\"https:\/\/villeurbanne-insoumise-ensemble.fr\/?page_id=567\" target=\"_blank\" rel=\"noreferrer noopener\">Ga\u00ebtan Constant<\/a> !<\/p>\n\n\n\n<figure class=\"wp-block-image size-large\"><img loading=\"lazy\" width=\"663\" height=\"1024\" src=\"https:\/\/villeurbanne-insoumise-ensemble.fr\/wp-content\/uploads\/2021\/11\/le-progres-exclus-du-numerique-ces-seniors-poussent-un-coup-de-gueule-2021-10-31_page_0021-11-1-663x1024.png\" alt=\"\" class=\"wp-image-858\" srcset=\"https:\/\/villeurbanne-insoumise-ensemble.fr\/wp-content\/uploads\/2021\/11\/le-progres-exclus-du-numerique-ces-seniors-poussent-un-coup-de-gueule-2021-10-31_page_0021-11-1-663x1024.png 663w, https:\/\/villeurbanne-insoumise-ensemble.fr\/wp-content\/uploads\/2021\/11\/le-progres-exclus-du-numerique-ces-seniors-poussent-un-coup-de-gueule-2021-10-31_page_0021-11-1-194x300.png 194w, https:\/\/villeurbanne-insoumise-ensemble.fr\/wp-content\/uploads\/2021\/11\/le-progres-exclus-du-numerique-ces-seniors-poussent-un-coup-de-gueule-2021-10-31_page_0021-11-1-768x1186.png 768w, https:\/\/villeurbanne-insoumise-ensemble.fr\/wp-content\/uploads\/2021\/11\/le-progres-exclus-du-numerique-ces-seniors-poussent-un-coup-de-gueule-2021-10-31_page_0021-11-1-995x1536.png 995w, https:\/\/villeurbanne-insoumise-ensemble.fr\/wp-content\/uploads\/2021\/11\/le-progres-exclus-du-numerique-ces-seniors-poussent-un-coup-de-gueule-2021-10-31_page_0021-11-1-1326x2048.png 1326w, https:\/\/villeurbanne-insoumise-ensemble.fr\/wp-content\/uploads\/2021\/11\/le-progres-exclus-du-numerique-ces-seniors-poussent-un-coup-de-gueule-2021-10-31_page_0021-11-1-300x463.png 300w, https:\/\/villeurbanne-insoumise-ensemble.fr\/wp-content\/uploads\/2021\/11\/le-progres-exclus-du-numerique-ces-seniors-poussent-un-coup-de-gueule-2021-10-31_page_0021-11-1-850x1313.png 850w\" sizes=\"(max-width: 663px) 100vw, 663px\" \/><\/figure>\n","protected":false},"excerpt":{"rendered":"<p>Le 31 octobre dernier, le journal Le Progr\u00e8s s&#8217;est pench\u00e9 sur les exclu\u00b7e\u00b7s du num\u00e9rique. Et cela tombe bien, car c&#8217;est pr\u00e9cis\u00e9ment l&#8217;un des sujets sur lesquels travaille Ga\u00ebtan Constant !<\/p>\n","protected":false},"author":1,"featured_media":0,"comment_status":"open","ping_status":"open","sticky":false,"template":"","format":"standard","meta":[],"categories":[5],"tags":[86],"_links":{"self":[{"href":"https:\/\/villeurbanne-insoumise-ensemble.fr\/index.php?rest_route=\/wp\/v2\/posts\/857"}],"collection":[{"href":"https:\/\/villeurbanne-insoumise-ensemble.fr\/index.php?rest_route=\/wp\/v2\/posts"}],"about":[{"href":"https:\/\/villeurbanne-insoumise-ensemble.fr\/index.php?rest_route=\/wp\/v2\/types\/post"}],"author":[{"embeddable":true,"href":"https:\/\/villeurbanne-insoumise-ensemble.fr\/index.php?rest_route=\/wp\/v2\/users\/1"}],"replies":[{"embeddable":true,"href":"https:\/\/villeurbanne-insoumise-ensemble.fr\/index.php?rest_route=%2Fwp%2Fv2%2Fcomments&post=857"}],"version-history":[{"count":1,"href":"https:\/\/villeurbanne-insoumise-ensemble.fr\/index.php?rest_route=\/wp\/v2\/posts\/857\/revisions"}],"predecessor-version":[{"id":860,"href":"https:\/\/villeurbanne-insoumise-ensemble.fr\/index.php?rest_route=\/wp\/v2\/posts\/857\/revisions\/860"}],"wp:attachment":[{"href":"https:\/\/villeurbanne-insoumise-ensemble.fr\/index.php?rest_route=%2Fwp%2Fv2%2Fmedia&parent=857"}],"wp:term":[{"taxonomy":"category","embeddable":true,"href":"https:\/\/villeurbanne-insoumise-ensemble.fr\/index.php?rest_route=%2Fwp%2Fv2%2Fcategories&post=857"},{"taxonomy":"post_tag","embeddable":true,"href":"https:\/\/villeurbanne-insoumise-ensemble.fr\/index.php?rest_route=%2Fwp%2Fv2%2Ftags&post=857"}],"curies":[{"name":"wp","href":"https:\/\/api.w.org\/{rel}","templated":true}]}}