{"id":847,"date":"2021-11-18T14:42:56","date_gmt":"2021-11-18T13:42:56","guid":{"rendered":"https:\/\/villeurbanne-insoumise-ensemble.fr\/?p=847"},"modified":"2023-11-21T11:22:25","modified_gmt":"2023-11-21T10:22:25","slug":"sos-mediterranee-sauve-des-vies","status":"publish","type":"post","link":"https:\/\/villeurbanne-insoumise-ensemble.fr\/?p=847","title":{"rendered":"SOS M\u00e9diterran\u00e9e sauve des vies !"},"content":{"rendered":"\n<p><em>Par Danielle Carasco<\/em><\/p>\n\n\n\n<figure class=\"wp-block-embed is-type-video is-provider-youtube wp-block-embed-youtube wp-embed-aspect-16-9 wp-has-aspect-ratio\"><div class=\"wp-block-embed__wrapper\">\n<iframe loading=\"lazy\" title=\"Danielle Carasco - SOS M\u00e9diterran\u00e9e sauve des vies !\" width=\"640\" height=\"360\" src=\"https:\/\/www.youtube.com\/embed\/rM-Ff7M1rG4?feature=oembed\" frameborder=\"0\" allow=\"accelerometer; autoplay; clipboard-write; encrypted-media; gyroscope; picture-in-picture\" allowfullscreen><\/iframe>\n<\/div><\/figure>\n\n\n\n<p>Le 11 janvier 2021, le navire humanitaire <em>Oc\u00e9an Viking<\/em> de l&#8217;association SOS&nbsp; M\u00e9diterran\u00e9e a repris la mer pour mener ses op\u00e9rations de sauvetage en M\u00e9diterran\u00e9e centrale. C&#8217;est la route migratoire la plus meurtri\u00e8re au monde&nbsp;: 20 000 viesy ont \u00e9t\u00e9 englouties au cours des 6 derni\u00e8res ann\u00e9es. Le taux de mortalit\u00e9 continue de progresser en 2021.<\/p>\n\n\n\n<p>SOS m\u00e9diterran\u00e9e sauve des vies et met un terme \u00e0 des conditions de vie insupportables, inhumaines. Ce sauvetage est une obligation morale que nous devons&nbsp; soutenir&nbsp; avec fiert\u00e9.<\/p>\n\n\n\n<p>En 4 ans, 31&nbsp;799 personnes ont \u00e9t\u00e9 secourues, d&#8217;abord avec l&#8217;<em>Aquarius<\/em>, puis avec <em>Oc\u00e9an Viking<\/em>. Les passagers et passag\u00e8res rescap\u00e9.e.s des embarcations surcharg\u00e9es, ballot\u00e9es de gauche et de droite, sont&nbsp; \u00e9puis\u00e9.e.s au moment du sauvetage, sans eau ni nourriture. Ils et elles sont dans un \u00e9tat de choc, d&#8217;autres sont terrass\u00e9.es par le froid, tremblent de tout leur corps et claquent des dents.<\/p>\n\n\n\n<p>De plus, des canots pneumatiques sont intercept\u00e9s&nbsp; par des garde-c\u00f4tes libyens et renvoy\u00e9s au point de d\u00e9part&nbsp;: c\u2019est une pratique du refoulement oh combien condamnable&nbsp;; c&#8217;est une violation des conventions internationales.<\/p>\n\n\n\n<p>Les bateaux de sauvetage sont quelques fois rest\u00e9s bloqu\u00e9s en mer durant 10 jours, sans r\u00e9ponse des autorit\u00e9s italiennes et maltaises.<\/p>\n\n\n\n<p>Le d\u00e9barquement est soumis \u00e0 un pr\u00e9ambule de discussions entre \u00c9tats, et donc \u00e0 une attente insupportable sur le navire. Force est de constater que la volont\u00e9 des \u00c9tats europ\u00e9ens n\u2019est pas au rendez-vous. Bien au contraire, dans certains pays, dont le n\u00f4tre, des expressions naus\u00e9abondes voudraient faire des migrants la cause de tous nos maux. Rappelons qu\u2019on ne quitte jamais son pays de gait\u00e9 de c\u0153ur mais par souci de survie de soi et des siens.<\/p>\n\n\n\n<p>Aujourd&#8217;hui la soci\u00e9t\u00e9 civile compense l&#8217;absence des \u00c9tats europ\u00e9ens, et les ONG&nbsp; subissent une certaine criminalisation.<\/p>\n\n\n\n<p>Nous venons de c\u00e9l\u00e9brer le centenaire de la naissance de Georges Brassens. Nous aurions aim\u00e9 que son cimeti\u00e8re marin reste le petit cimeti\u00e8re de S\u00e8te. Aujourd\u2019hui, le plus grand cimeti\u00e8re marin du monde, c\u2019est la M\u00e9diterran\u00e9e&nbsp;!<\/p>\n\n\n\n<p>Villeurbanne fut tout au long du XX<sup>e<\/sup> si\u00e8cle une terre d&#8217;accueil, pour les italiens, les espagnols, les arm\u00e9niens, les maghr\u00e9bins, les chiliens, et jusque tout r\u00e9cemment&nbsp; les afghans. Il y a 3 ans, une centaine de jeunes africains subsahariens a occup\u00e9 un ancien centre de formation en lieu et place du nouveau coll\u00e8ge Gilbert Chabroux durant 18 mois. Toutes et tous ont aspir\u00e9 ou aspirent \u00e0 rester en France, et \u00e0 travailler, \u00e0 occuper un logement en toute&nbsp;dignit\u00e9, \u00e0 construire une famille&#8230;<\/p>\n\n\n\n<p>Nous sommes fiers que notre collectivit\u00e9 territoriale, respectueuse des droits humains et solidaire, s\u2019engage y compris financi\u00e8rement \u00e0 c\u00f4t\u00e9 de celles et ceux qui contribuent \u00e0 sauver des vies et \u00e0 rendre l\u2019existence plus belle, y compris en assurant les conditions d\u2019un h\u00e9bergement digne une fois que les migrants vivent sur notre territoire. \u00c0 poursuivre, en quelque sorte, l\u2019\u0153uvre de l\u2019auvergnat de Brassens.<\/p>\n\n\n\n<p>Comme l\u2019a dit Guillaume Meurice\u00a0: <em>\u00ab\u00a0Personne ne cessera de voyager, de fuir la mis\u00e8re, de tomber amoureux, de se m\u00e9tisser. Les dominants et l&#8217;extr\u00eame-droite vous font croire que le danger c&#8217;est le r\u00e9fugi\u00e9 sans le sou plut\u00f4t que le milliardaire qui vous pique du pognon de dingue tous les jours, \u00e9chappant \u00e0 l&#8217;imp\u00f4t. Vous y avez cru, ils ont &#8220;grand-remplac\u00e9&#8221; les raisons de votre col\u00e8re.\u00a0<\/em>\u00bb<\/p>\n","protected":false},"excerpt":{"rendered":"<p>Par Danielle Carasco Le 11 janvier 2021, le navire humanitaire Oc\u00e9an Viking de l&#8217;association SOS&nbsp; M\u00e9diterran\u00e9e a repris la mer pour mener ses op\u00e9rations de sauvetage en M\u00e9diterran\u00e9e centrale. C&#8217;est la route migratoire la plus meurtri\u00e8re au monde&nbsp;: 20 000 viesy ont \u00e9t\u00e9 englouties au cours des 6 derni\u00e8res ann\u00e9es. Le taux de mortalit\u00e9 continue&#8230;<\/p>\n","protected":false},"author":1,"featured_media":0,"comment_status":"open","ping_status":"open","sticky":false,"template":"","format":"standard","meta":[],"categories":[95,7],"tags":[],"_links":{"self":[{"href":"https:\/\/villeurbanne-insoumise-ensemble.fr\/index.php?rest_route=\/wp\/v2\/posts\/847"}],"collection":[{"href":"https:\/\/villeurbanne-insoumise-ensemble.fr\/index.php?rest_route=\/wp\/v2\/posts"}],"about":[{"href":"https:\/\/villeurbanne-insoumise-ensemble.fr\/index.php?rest_route=\/wp\/v2\/types\/post"}],"author":[{"embeddable":true,"href":"https:\/\/villeurbanne-insoumise-ensemble.fr\/index.php?rest_route=\/wp\/v2\/users\/1"}],"replies":[{"embeddable":true,"href":"https:\/\/villeurbanne-insoumise-ensemble.fr\/index.php?rest_route=%2Fwp%2Fv2%2Fcomments&post=847"}],"version-history":[{"count":1,"href":"https:\/\/villeurbanne-insoumise-ensemble.fr\/index.php?rest_route=\/wp\/v2\/posts\/847\/revisions"}],"predecessor-version":[{"id":848,"href":"https:\/\/villeurbanne-insoumise-ensemble.fr\/index.php?rest_route=\/wp\/v2\/posts\/847\/revisions\/848"}],"wp:attachment":[{"href":"https:\/\/villeurbanne-insoumise-ensemble.fr\/index.php?rest_route=%2Fwp%2Fv2%2Fmedia&parent=847"}],"wp:term":[{"taxonomy":"category","embeddable":true,"href":"https:\/\/villeurbanne-insoumise-ensemble.fr\/index.php?rest_route=%2Fwp%2Fv2%2Fcategories&post=847"},{"taxonomy":"post_tag","embeddable":true,"href":"https:\/\/villeurbanne-insoumise-ensemble.fr\/index.php?rest_route=%2Fwp%2Fv2%2Ftags&post=847"}],"curies":[{"name":"wp","href":"https:\/\/api.w.org\/{rel}","templated":true}]}}