{"id":845,"date":"2021-11-18T14:35:46","date_gmt":"2021-11-18T13:35:46","guid":{"rendered":"https:\/\/villeurbanne-insoumise-ensemble.fr\/?p=845"},"modified":"2023-11-21T11:23:27","modified_gmt":"2023-11-21T10:23:27","slug":"les-mjc-font-vivre-la-democratie","status":"publish","type":"post","link":"https:\/\/villeurbanne-insoumise-ensemble.fr\/?p=845","title":{"rendered":"Les MJC font vivre la d\u00e9mocratie !"},"content":{"rendered":"\n<p><em>Par Laure-Emmanuelle Pradelle<\/em><\/p>\n\n\n\n<figure class=\"wp-block-embed is-type-video is-provider-youtube wp-block-embed-youtube wp-embed-aspect-16-9 wp-has-aspect-ratio\"><div class=\"wp-block-embed__wrapper\">\n<iframe loading=\"lazy\" title=\"Laure-Emmanuelle Pradelle - Les MJC font vivre la d\u00e9mocratie !\" width=\"640\" height=\"360\" src=\"https:\/\/www.youtube.com\/embed\/8wOXDwPayK4?feature=oembed\" frameborder=\"0\" allow=\"accelerometer; autoplay; clipboard-write; encrypted-media; gyroscope; picture-in-picture\" allowfullscreen><\/iframe>\n<\/div><\/figure>\n\n\n\n<p>Nous tenions \u00e0 saluer l\u2019engagement de la Ville dans le soutien qu\u2019elle apporte \u00e0 la MJC, association qui existe depuis 1947 \u00e0 Villeurbanne.<\/p>\n\n\n\n<p>Laissez-moi remonter le temps, jusqu\u2019en 1936, o\u00f9 le gouvernement du front populaire instaura les cong\u00e9s pay\u00e9s et avec eux naissait tout un mouvement d\u2019\u00e9ducation populaire. Les Maisons des Jeunes et de la Culture sont l\u2019h\u00e9ritage du combat de la gauche pour l\u2019\u00e9mancipation des classes populaires par la pratique du sport et l\u2019acc\u00e8s \u00e0 la culture. La MJC de Villeurbanne ne fait pas exception \u00e0 cet objectif : en 2021, ce sont 99 activit\u00e9s enfant et adulte qui sont propos\u00e9es.<\/p>\n\n\n\n<p>2021, c\u2019est aussi une ann\u00e9e difficile pour notre MJC particuli\u00e8rement touch\u00e9e par la crise sanitaire. Et avec cette d\u00e9lib\u00e9ration, la ville est \u00e0 la hauteur du soutien n\u00e9cessaire pour cette structure indispensable.<\/p>\n\n\n\n<p>Indispensable, d\u2019abord, car elle est un lieu de proximit\u00e9, cr\u00e9ateur de lien social entre les jeunes et entre les g\u00e9n\u00e9rations. Parce que les MJC sont ouvertes \u00e0 toutes et tous, sans discrimination, toutes les formes de culture peuvent s\u2019y exprimer. N\u2019oublions pas que c\u2019est pour beaucoup de personnes le premier acc\u00e8s \u00e0 la culture et \u00e0 la pratique artistique.<\/p>\n\n\n\n<p>Indispensable, ensuite, parce que les MJC font vivre la d\u00e9mocratie en organisant des d\u00e9bats, des conf\u00e9rences, qui permettent de mieux comprendre la soci\u00e9t\u00e9, le monde, la position qu\u2019on y occupe, de se lib\u00e9rer de la place qui nous serait assign\u00e9e pour intervenir sur le monde et le changer ensemble selon ce que l\u2019on croit juste. Les MJC permettent de former des citoyens et des citoyennes \u00e0 l\u2019esprit critique, sans lequel il n\u2019y a pas de v\u00e9ritable d\u00e9mocratie.<\/p>\n\n\n\n<p>Au moment o\u00f9 notre mod\u00e8le social et solidaire, h\u00e9ritage du Conseil National de la R\u00e9sistance, est doucement mais s\u00fbrement d\u00e9truit, nous continuons de penser qu\u2019il est des choses qui ni ne se vendent, ni ne s\u2019ach\u00e8tent. L\u2019\u00e9mancipation par la culture et l\u2019\u00e9ducation populaire en font partie : faisons tout pour les pr\u00e9server !<\/p>\n","protected":false},"excerpt":{"rendered":"<p>Par Laure-Emmanuelle Pradelle Nous tenions \u00e0 saluer l\u2019engagement de la Ville dans le soutien qu\u2019elle apporte \u00e0 la MJC, association qui existe depuis 1947 \u00e0 Villeurbanne. Laissez-moi remonter le temps, jusqu\u2019en 1936, o\u00f9 le gouvernement du front populaire instaura les cong\u00e9s pay\u00e9s et avec eux naissait tout un mouvement d\u2019\u00e9ducation populaire. Les Maisons des Jeunes&#8230;<\/p>\n","protected":false},"author":1,"featured_media":0,"comment_status":"open","ping_status":"open","sticky":false,"template":"","format":"standard","meta":[],"categories":[95,7],"tags":[54,36],"_links":{"self":[{"href":"https:\/\/villeurbanne-insoumise-ensemble.fr\/index.php?rest_route=\/wp\/v2\/posts\/845"}],"collection":[{"href":"https:\/\/villeurbanne-insoumise-ensemble.fr\/index.php?rest_route=\/wp\/v2\/posts"}],"about":[{"href":"https:\/\/villeurbanne-insoumise-ensemble.fr\/index.php?rest_route=\/wp\/v2\/types\/post"}],"author":[{"embeddable":true,"href":"https:\/\/villeurbanne-insoumise-ensemble.fr\/index.php?rest_route=\/wp\/v2\/users\/1"}],"replies":[{"embeddable":true,"href":"https:\/\/villeurbanne-insoumise-ensemble.fr\/index.php?rest_route=%2Fwp%2Fv2%2Fcomments&post=845"}],"version-history":[{"count":1,"href":"https:\/\/villeurbanne-insoumise-ensemble.fr\/index.php?rest_route=\/wp\/v2\/posts\/845\/revisions"}],"predecessor-version":[{"id":846,"href":"https:\/\/villeurbanne-insoumise-ensemble.fr\/index.php?rest_route=\/wp\/v2\/posts\/845\/revisions\/846"}],"wp:attachment":[{"href":"https:\/\/villeurbanne-insoumise-ensemble.fr\/index.php?rest_route=%2Fwp%2Fv2%2Fmedia&parent=845"}],"wp:term":[{"taxonomy":"category","embeddable":true,"href":"https:\/\/villeurbanne-insoumise-ensemble.fr\/index.php?rest_route=%2Fwp%2Fv2%2Fcategories&post=845"},{"taxonomy":"post_tag","embeddable":true,"href":"https:\/\/villeurbanne-insoumise-ensemble.fr\/index.php?rest_route=%2Fwp%2Fv2%2Ftags&post=845"}],"curies":[{"name":"wp","href":"https:\/\/api.w.org\/{rel}","templated":true}]}}