{"id":843,"date":"2021-11-18T14:33:31","date_gmt":"2021-11-18T13:33:31","guid":{"rendered":"https:\/\/villeurbanne-insoumise-ensemble.fr\/?p=843"},"modified":"2023-11-21T11:23:36","modified_gmt":"2023-11-21T10:23:36","slug":"un-budget-inedit-offensif-et-realiste","status":"publish","type":"post","link":"https:\/\/villeurbanne-insoumise-ensemble.fr\/?p=843","title":{"rendered":"Un budget in\u00e9dit, offensif et r\u00e9aliste"},"content":{"rendered":"\n<p><em>Par Olivier Gl\u00fcck<\/em><\/p>\n\n\n\n<figure class=\"wp-block-embed is-type-video is-provider-youtube wp-block-embed-youtube wp-embed-aspect-16-9 wp-has-aspect-ratio\"><div class=\"wp-block-embed__wrapper\">\n<iframe loading=\"lazy\" title=\"Olivier Gl\u00fcck - Un budget in\u00e9dit, offensif et r\u00e9aliste\" width=\"640\" height=\"360\" src=\"https:\/\/www.youtube.com\/embed\/iZ0xQh_m4Yk?feature=oembed\" frameborder=\"0\" allow=\"accelerometer; autoplay; clipboard-write; encrypted-media; gyroscope; picture-in-picture\" allowfullscreen><\/iframe>\n<\/div><\/figure>\n\n\n\n<p>Ce d\u00e9bat d\u2019orientation budg\u00e9taire semble pr\u00e9figurer un budget qui s\u2019annonce \u00e0 la fois in\u00e9dit, offensif, et r\u00e9aliste.<\/p>\n\n\n\n<p>In\u00e9dit du fait de sa hausse importante proche des 9% que ce soit au niveau des d\u00e9penses ou des recettes.<\/p>\n\n\n\n<p>Villeurbanne change de dimension. Que ce soit dans l\u2019entretien des \u00e9quipements municipaux existants, la construction de nouveaux \u00e9quipements ou la forte volont\u00e9 d\u2019am\u00e9liorer toujours et encore la qualit\u00e9 du service public rendu qui va de pair avec la qualit\u00e9 de vie au travail des pr\u00e8s de 2000 agent.es de la Ville dont nous saluons une fois de plus l\u2019engagement aupr\u00e8s des Villeurbannaises et Villeurbannais.<\/p>\n\n\n\n<p>Un budget qui s\u2019annonce offensif du fait de la forte volont\u00e9 de la majorit\u00e9 municipale de tenir ses engagements de campagne et donc de mettre en \u0153uvre le plan de mandat et le plan pluriannuel d\u2019investissements. Le d\u00e9tail des investissements envisag\u00e9s ou en cours pr\u00e9sent\u00e9 dans les annexes A et B du rapport en t\u00e9moigne : 50 \u00e0 60 millions d\u2019investissements chaque ann\u00e9e de 2022 \u00e0 2025.<\/p>\n\n\n\n<p>Ces forts investissements sont n\u00e9cessaires pour mettre en \u0153uvre sur le long terme les politiques publiques attendues par la population. Cela n\u00e9cessite un renforcement des services municipaux et le lancement de nombreuses actions pour soutenir de nouvelles politiques publiques en lien avec les trois transitions promues par la majorit\u00e9 municipale comme par exemple la s\u00e9curit\u00e9 alimentaire, la lutte contre le sans-abrisme, l\u2019\u00e9galit\u00e9 et la lutte contre les discriminations, l\u2019assembl\u00e9e citoyenne et le budget participatif, la culture pour toutes et tous, la qualit\u00e9 de l\u2019air, la lutte contre les ilots de chaleur et le r\u00e9chauffement climatique, la transition num\u00e9rique.<\/p>\n\n\n\n<p>Enfin, un budget qui s\u2019annonce r\u00e9aliste car la hausse des d\u00e9penses serait compens\u00e9e par celle des recettes. Les recettes r\u00e9elles de fonctionnement devraient \u00eatre en hausse de 8,5%. Celles d\u2019investissement augmenteraient suite \u00e0 de nouvelles subventions pour divers projets men\u00e9s par la collectivit\u00e9 en particulier dans le domaine scolaire et \u00e9galement des participations vers\u00e9es dans le cadre d\u2019am\u00e9nagements urbains de type ZAC ou PUP. Ainsi, l\u2019autofinancement, diff\u00e9rentiel entre recettes et d\u00e9penses r\u00e9elles de fonctionnement, ne serait pas d\u00e9grad\u00e9 et serait m\u00eame en augmentation de 4,5%. L\u2019emprunt d\u2019\u00e9quilibre, cela a d\u00e9j\u00e0 \u00e9t\u00e9 dit, reste tout \u00e0 fait raisonnable et supportable par la collectivit\u00e9. Les d\u00e9penses r\u00e9elles de fonctionnement de Villeurbanne sont de 835 euros par habitant en 2020 alors que la moyenne de la strate des villes de plus de 100 000 habitant.es hors Paris est sup\u00e9rieure \u00e0 1100 euros par habitant.e. Le taux d\u2019endettement de la ville est de 22,5% contre 82% dans les communes de m\u00eame strate. Nous avons donc encore des marges de man\u0153uvre importantes.<\/p>\n\n\n\n<p>Rappelons pour conclure que les collectivit\u00e9s sont l\u2019un des moteurs essentiel de notre \u00e9conomie par les investissements qu\u2019elles r\u00e9alisent.<\/p>\n\n\n\n<p>Les \u00e9lections de 2022 doivent marquer un tournant pour mettre fin aux politiques aust\u00e9ritaires impuls\u00e9es par la commission europ\u00e9enne et mises en \u0153uvre successivement par F. Hollande et E. Macron.<\/p>\n\n\n\n<p>Comme indiqu\u00e9 dans le rapport, il nous semble important de souligner que l\u2019ensemble des dotations et compensations servies par l\u2019\u00c9tat sont pass\u00e9es de 214 euros par habitant en 2009 \u00e0 162 euros en 2020. Les plans d\u2019\u00e9conomies successifs Macron\/Hollande ont mis \u00e0 mal les capacit\u00e9s d\u2019investissement des collectivit\u00e9s et nous en payons encore les cons\u00e9quences aujourd\u2019hui.<\/p>\n\n\n\n<p>Ces derniers mois ont montr\u00e9, avec la crise sanitaire et \u00e9conomique, combien l\u2019argument des d\u00e9ficits publics ne tient plus pour limiter la capacit\u00e9 d\u2019investir des collectivit\u00e9s.<\/p>\n\n\n\n<p>Que l\u2019on soit bien d\u2019accord : quand nous disons cela, cela ne signifie aucunement que nous allons dilapider les budgets de la ville, emprunter \u00e0 tout va, mettre le budget de la ville dans le rouge au point de ne plus pouvoir investir \u00e0 moyens et longs termes. C\u2019est tout le contraire : nous avons une vision pluriannuelle qui va bien au-del\u00e0 de ce mandat.<\/p>\n\n\n\n<p>Villeurbanne se doit d\u2019\u00eatre \u00e0 la hauteur des attentes de ses concitoyens en d\u00e9veloppant une ville durable, \u00e9cologique, sociale, d\u00e9mocratique et inclusive. C\u2019est tout l\u2019enjeu du budget 2022 et des suivants.<\/p>\n\n\n\n<p>Monsieur le Maire, Mesdames et Messieurs, nous prenons acte de la pr\u00e9sentation du rapport relatif aux orientations budg\u00e9taires et attendons avec impatience la pr\u00e9sentation du budget 2022 qui devrait traduire ces orientations que nous soutenons.<\/p>\n","protected":false},"excerpt":{"rendered":"<p>Par Olivier Gl\u00fcck Ce d\u00e9bat d\u2019orientation budg\u00e9taire semble pr\u00e9figurer un budget qui s\u2019annonce \u00e0 la fois in\u00e9dit, offensif, et r\u00e9aliste. In\u00e9dit du fait de sa hausse importante proche des 9% que ce soit au niveau des d\u00e9penses ou des recettes. Villeurbanne change de dimension. Que ce soit dans l\u2019entretien des \u00e9quipements municipaux existants, la construction&#8230;<\/p>\n","protected":false},"author":1,"featured_media":0,"comment_status":"open","ping_status":"open","sticky":false,"template":"","format":"standard","meta":[],"categories":[95,7],"tags":[84],"_links":{"self":[{"href":"https:\/\/villeurbanne-insoumise-ensemble.fr\/index.php?rest_route=\/wp\/v2\/posts\/843"}],"collection":[{"href":"https:\/\/villeurbanne-insoumise-ensemble.fr\/index.php?rest_route=\/wp\/v2\/posts"}],"about":[{"href":"https:\/\/villeurbanne-insoumise-ensemble.fr\/index.php?rest_route=\/wp\/v2\/types\/post"}],"author":[{"embeddable":true,"href":"https:\/\/villeurbanne-insoumise-ensemble.fr\/index.php?rest_route=\/wp\/v2\/users\/1"}],"replies":[{"embeddable":true,"href":"https:\/\/villeurbanne-insoumise-ensemble.fr\/index.php?rest_route=%2Fwp%2Fv2%2Fcomments&post=843"}],"version-history":[{"count":1,"href":"https:\/\/villeurbanne-insoumise-ensemble.fr\/index.php?rest_route=\/wp\/v2\/posts\/843\/revisions"}],"predecessor-version":[{"id":844,"href":"https:\/\/villeurbanne-insoumise-ensemble.fr\/index.php?rest_route=\/wp\/v2\/posts\/843\/revisions\/844"}],"wp:attachment":[{"href":"https:\/\/villeurbanne-insoumise-ensemble.fr\/index.php?rest_route=%2Fwp%2Fv2%2Fmedia&parent=843"}],"wp:term":[{"taxonomy":"category","embeddable":true,"href":"https:\/\/villeurbanne-insoumise-ensemble.fr\/index.php?rest_route=%2Fwp%2Fv2%2Fcategories&post=843"},{"taxonomy":"post_tag","embeddable":true,"href":"https:\/\/villeurbanne-insoumise-ensemble.fr\/index.php?rest_route=%2Fwp%2Fv2%2Ftags&post=843"}],"curies":[{"name":"wp","href":"https:\/\/api.w.org\/{rel}","templated":true}]}}