{"id":841,"date":"2021-11-18T14:31:17","date_gmt":"2021-11-18T13:31:17","guid":{"rendered":"https:\/\/villeurbanne-insoumise-ensemble.fr\/?p=841"},"modified":"2023-11-21T11:23:44","modified_gmt":"2023-11-21T10:23:44","slug":"nous-sommes-addicts-aux-energies-fossiles","status":"publish","type":"post","link":"https:\/\/villeurbanne-insoumise-ensemble.fr\/?p=841","title":{"rendered":"Nous sommes addicts aux \u00e9nergies fossiles !"},"content":{"rendered":"\n<p><em>Par Ga\u00ebtan Constant<\/em><\/p>\n\n\n\n<figure class=\"wp-block-embed is-type-video is-provider-youtube wp-block-embed-youtube wp-embed-aspect-16-9 wp-has-aspect-ratio\"><div class=\"wp-block-embed__wrapper\">\n<iframe loading=\"lazy\" title=\"Ga\u00ebtan Constant - Nous sommes addicts aux \u00e9nergies fossiles\" width=\"640\" height=\"360\" src=\"https:\/\/www.youtube.com\/embed\/pp_RUr3dtoE?feature=oembed\" frameborder=\"0\" allow=\"accelerometer; autoplay; clipboard-write; encrypted-media; gyroscope; picture-in-picture\" allowfullscreen><\/iframe>\n<\/div><\/figure>\n\n\n\n<p>Vous savez \u00e0 quel point j\u2019aime les images, et je vais vous en proposer une.<\/p>\n\n\n\n<p>Admettons qu\u2019un m\u00e9decin prescrive une cure de d\u00e9sintoxication \u00e0 un patient. Pour que sa sant\u00e9 s\u2019am\u00e9liore, il faudra un arr\u00eat progressif de l\u2019addiction, qui se comptera en mois ou en ann\u00e9es. Mais que penseriez-vous d\u2019un m\u00e9decin qui prescrirait une cure de trente ans, pendant laquelle l\u2019objet de l\u2019addiction serait disponible \u00e0 volont\u00e9 pour le patient ou la patiente ?<\/p>\n\n\n\n<p>C\u2019est la situation dans laquelle nous sommes. Nous sommes addicts aux \u00e9nergies fossiles, et les prescriptions de nos gouvernants sont inefficaces pour \u00e9liminer notre d\u00e9pendance.<\/p>\n\n\n\n<p>A notre \u00e9chelle d\u2019\u00e9lus locaux, nous am\u00e9liorons le traitement. Dans toutes nos politiques, nous tenons d\u00e9sormais compte du changement climatique et nous avons un plan pour nous y adapter. Ce plan, nous le suivrons, nous mesurerons son avancement et ses cons\u00e9quences concr\u00e8tes. C\u2019est nouveau, mais c\u2019est pourtant le minimum.<\/p>\n\n\n\n<p>Ce qui est moins nouveau \u2013 et nous en sommes constern\u00e9s \u2013 ce sont les 503 lobbyistes des \u00e9nergies fossiles que l\u2019ONG <em>Global Witness<\/em> a d\u00e9compt\u00e9 \u00e0 la COP 26. Pour vous donner une id\u00e9e, sachez que leur nombre est plus important que celui de la plus grande d\u00e9l\u00e9gation \u00e9tatique de la COP. Car ces entreprises savent tr\u00e8s bien o\u00f9 les d\u00e9cisions les plus retentissantes sont prises, et ce n\u2019est malheureusement pas \u00e0 notre \u00e9chelle que cela se joue (je n\u2019ai personnellement encore jamais vu de lobbyiste de Total venir me contacter pour discuter de la politique de&nbsp; Villeurbanne). Encore une fois, les int\u00e9r\u00eats priv\u00e9s et de l\u2019argent sont davantage repr\u00e9sent\u00e9s que ceux du plus grand nombre.&nbsp;<\/p>\n\n\n\n<p>C\u2019est d\u2019un changement total de mod\u00e8le dont nous avons besoin. En nous appuyant sur les travaux d\u2019associations, comme le sc\u00e9nario N\u00e9gawatt pour l&#8217;\u00e9nergie, en planifiant une action politique imm\u00e9diate de rupture avec le capitalisme, nous pourrons sauvegarder r\u00e9ellement la biodiversit\u00e9 et freiner le changement climatique. Nous agissons concr\u00e8tement \u00e0 Villeurbanne, et nous attendons la m\u00eame chose des \u00c9tats : assez de fausses promesses, mais des solutions r\u00e9elles comme\u00a0 la sortie des trait\u00e9s de libre-\u00e9change ou un grand plan d\u2019isolation des b\u00e2timents par exemple.<\/p>\n\n\n\n<p>Pour enrayer le changement climatique et la baisse de la biodiversit\u00e9, il faut donc des actions locales et c\u2019est ce que pr\u00e9voit ce rapport, r\u00e9alis\u00e9 de mani\u00e8re transversale en associant un maximum d&#8217;\u00e9lus, ce qui est tr\u00e8s positif. Mais plus que cela : il faut que les grandes entreprises\u00a0 priv\u00e9es cessent de sculpter notre imaginaire social. Je conclus donc avec une citation tir\u00e9e du livre Les derni\u00e8res nouvelles du mensonge d\u2019Anne-C\u00e9cile Robert : \u00ab <em>Pointer du doigt la responsabilit\u00e9 de l&#8217;\u00eatre humain efface opportun\u00e9ment la responsabilit\u00e9 du productivisme ou du mode de production capitaliste au profit d&#8217;une sorte de &#8220;pens\u00e9e unique&#8221; de lutte de chacun contre le changement climatique qui fait la part belle au capitalisme vert<\/em> \u00bb.<\/p>\n","protected":false},"excerpt":{"rendered":"<p>Par Ga\u00ebtan Constant Vous savez \u00e0 quel point j\u2019aime les images, et je vais vous en proposer une. Admettons qu\u2019un m\u00e9decin prescrive une cure de d\u00e9sintoxication \u00e0 un patient. Pour que sa sant\u00e9 s\u2019am\u00e9liore, il faudra un arr\u00eat progressif de l\u2019addiction, qui se comptera en mois ou en ann\u00e9es. Mais que penseriez-vous d\u2019un m\u00e9decin qui&#8230;<\/p>\n","protected":false},"author":1,"featured_media":0,"comment_status":"open","ping_status":"open","sticky":false,"template":"","format":"standard","meta":[],"categories":[95,7],"tags":[],"_links":{"self":[{"href":"https:\/\/villeurbanne-insoumise-ensemble.fr\/index.php?rest_route=\/wp\/v2\/posts\/841"}],"collection":[{"href":"https:\/\/villeurbanne-insoumise-ensemble.fr\/index.php?rest_route=\/wp\/v2\/posts"}],"about":[{"href":"https:\/\/villeurbanne-insoumise-ensemble.fr\/index.php?rest_route=\/wp\/v2\/types\/post"}],"author":[{"embeddable":true,"href":"https:\/\/villeurbanne-insoumise-ensemble.fr\/index.php?rest_route=\/wp\/v2\/users\/1"}],"replies":[{"embeddable":true,"href":"https:\/\/villeurbanne-insoumise-ensemble.fr\/index.php?rest_route=%2Fwp%2Fv2%2Fcomments&post=841"}],"version-history":[{"count":1,"href":"https:\/\/villeurbanne-insoumise-ensemble.fr\/index.php?rest_route=\/wp\/v2\/posts\/841\/revisions"}],"predecessor-version":[{"id":842,"href":"https:\/\/villeurbanne-insoumise-ensemble.fr\/index.php?rest_route=\/wp\/v2\/posts\/841\/revisions\/842"}],"wp:attachment":[{"href":"https:\/\/villeurbanne-insoumise-ensemble.fr\/index.php?rest_route=%2Fwp%2Fv2%2Fmedia&parent=841"}],"wp:term":[{"taxonomy":"category","embeddable":true,"href":"https:\/\/villeurbanne-insoumise-ensemble.fr\/index.php?rest_route=%2Fwp%2Fv2%2Fcategories&post=841"},{"taxonomy":"post_tag","embeddable":true,"href":"https:\/\/villeurbanne-insoumise-ensemble.fr\/index.php?rest_route=%2Fwp%2Fv2%2Ftags&post=841"}],"curies":[{"name":"wp","href":"https:\/\/api.w.org\/{rel}","templated":true}]}}