{"id":837,"date":"2021-11-01T15:50:00","date_gmt":"2021-11-01T14:50:00","guid":{"rendered":"https:\/\/villeurbanne-insoumise-ensemble.fr\/?p=837"},"modified":"2023-11-21T11:24:10","modified_gmt":"2023-11-21T10:24:10","slug":"pour-un-numerique-responsable","status":"publish","type":"post","link":"https:\/\/villeurbanne-insoumise-ensemble.fr\/?p=837","title":{"rendered":"Pour un num\u00e9rique responsable !"},"content":{"rendered":"\n<p>Transformation, mais surtout sobri\u00e9t\u00e9 et inclusion : voici les ma\u00eetres-mots du sch\u00e9ma de transformation num\u00e9rique que vient de mettre au point la mairie de Villeurbanne.<\/p>\n\n\n\n<p>Depuis vingt ans, le num\u00e9rique a transform\u00e9 nos vies et notre rapport au monde. Il est devenu quasiment impossible de vivre sans y avoir recours. Pour autant, 16 % de personnes en France souffrent d&#8217;illectronisme, soit parce qu&#8217;elles ne savent pas utiliser les outils num\u00e9riques, soit parce qu&#8217;elles n\u2019ont pas les moyens de s&#8217;en fournir. Il faut leur garantir le droit au non-num\u00e9rique. Si l&#8217;on veut que le service public reste ouvert \u00e0 toutes et tous, il doit \u00eatre accessible sans que l&#8217;on ait \u00e0 payer un smartphone et une connexion pour y avoir acc\u00e8s.&nbsp;<\/p>\n\n\n\n<p>C&#8217;est pourtant l&#8217;inverse qui se produit. La crise sanitaire et les r\u00e9ponses technologiques ont encore acc\u00e9l\u00e9r\u00e9 son utilisation et ont constitu\u00e9 une vraie aubaine pour les GAFAM. Dans notre mod\u00e8le \u00e9conomique actuel, ces techniques sont utilis\u00e9es de fa\u00e7on d\u00e9raisonnable, sans contr\u00f4le citoyen, au profit de quelques grandes entreprises productivistes qui se partagent le march\u00e9, le tout au d\u00e9triment des travailleurs, des travailleuses et de leur sant\u00e9 (on pense notamment \u00e0 l&#8217;extraction des terres rares ou encore au travail \u00e0 la cha\u00eene).\u00a0 Il est possible d&#8217;extraire moins, de fa\u00e7on plus humaine, et de d\u00e9velopper des fili\u00e8res de recyclage en favorisant la recherche. A l&#8217;heure o\u00f9 nous d\u00e9fendons la\u00a0 sobri\u00e9t\u00e9 dans tous les aspects de nos vies, le num\u00e9rique ne doit pas \u00eatre oubli\u00e9. Aujourd&#8217;hui, entre 10 et 15% de la d\u00e9pense d&#8217;\u00e9lectricit\u00e9 dans le monde y est li\u00e9e. \u00c0 notre \u00e9chelle, il nous faut repenser ses usages : chaque outil doit \u00eatre utile, et nous pr\u00eaterons tout particuli\u00e8rement attention \u00e0 leur sobri\u00e9t\u00e9. En ce sens, l&#8217;utilisation du logiciel libre, initi\u00e9e par la m\u00e9tropole, est une tr\u00e8s bonne piste, car il consomme moins de donn\u00e9es et il est moins victime d&#8217;une potentielle obsolescence programm\u00e9e. Cette piste sera \u00e9galement soutenue par la mairie de Villeurbanne.<\/p>\n","protected":false},"excerpt":{"rendered":"<p>Depuis vingt ans, le num\u00e9rique a transform\u00e9 nos vies et notre rapport au monde. Il est devenu quasiment impossible de vivre sans y avoir recours. Pour autant, 16 % de personnes en France souffrent d&#8217;illectronisme.<\/p>\n","protected":false},"author":1,"featured_media":0,"comment_status":"open","ping_status":"open","sticky":false,"template":"","format":"standard","meta":[],"categories":[19,17],"tags":[],"_links":{"self":[{"href":"https:\/\/villeurbanne-insoumise-ensemble.fr\/index.php?rest_route=\/wp\/v2\/posts\/837"}],"collection":[{"href":"https:\/\/villeurbanne-insoumise-ensemble.fr\/index.php?rest_route=\/wp\/v2\/posts"}],"about":[{"href":"https:\/\/villeurbanne-insoumise-ensemble.fr\/index.php?rest_route=\/wp\/v2\/types\/post"}],"author":[{"embeddable":true,"href":"https:\/\/villeurbanne-insoumise-ensemble.fr\/index.php?rest_route=\/wp\/v2\/users\/1"}],"replies":[{"embeddable":true,"href":"https:\/\/villeurbanne-insoumise-ensemble.fr\/index.php?rest_route=%2Fwp%2Fv2%2Fcomments&post=837"}],"version-history":[{"count":1,"href":"https:\/\/villeurbanne-insoumise-ensemble.fr\/index.php?rest_route=\/wp\/v2\/posts\/837\/revisions"}],"predecessor-version":[{"id":838,"href":"https:\/\/villeurbanne-insoumise-ensemble.fr\/index.php?rest_route=\/wp\/v2\/posts\/837\/revisions\/838"}],"wp:attachment":[{"href":"https:\/\/villeurbanne-insoumise-ensemble.fr\/index.php?rest_route=%2Fwp%2Fv2%2Fmedia&parent=837"}],"wp:term":[{"taxonomy":"category","embeddable":true,"href":"https:\/\/villeurbanne-insoumise-ensemble.fr\/index.php?rest_route=%2Fwp%2Fv2%2Fcategories&post=837"},{"taxonomy":"post_tag","embeddable":true,"href":"https:\/\/villeurbanne-insoumise-ensemble.fr\/index.php?rest_route=%2Fwp%2Fv2%2Ftags&post=837"}],"curies":[{"name":"wp","href":"https:\/\/api.w.org\/{rel}","templated":true}]}}