{"id":82,"date":"2021-02-24T11:34:24","date_gmt":"2021-02-24T10:34:24","guid":{"rendered":"http:\/\/villeurbanne-insoumise-ensemble.fr\/?p=82"},"modified":"2023-11-22T15:42:35","modified_gmt":"2023-11-22T14:42:35","slug":"il-faut-planifier-la-construction-des-equipements-publics","status":"publish","type":"post","link":"https:\/\/villeurbanne-insoumise-ensemble.fr\/?p=82","title":{"rendered":"Il faut planifier la construction des \u00e9quipements publics !"},"content":{"rendered":"\n<p><em>Par Laure-Emmanuelle Pradelle<\/em><\/p>\n\n\n\n<figure class=\"wp-block-embed is-type-video is-provider-youtube wp-block-embed-youtube wp-embed-aspect-16-9 wp-has-aspect-ratio\"><div class=\"wp-block-embed__wrapper\">\n<iframe loading=\"lazy\" title=\"Laure-Emmanuelle Pradelle - Planifier les constructions\" width=\"640\" height=\"360\" src=\"https:\/\/www.youtube.com\/embed\/lZ4GC_sILR0?feature=oembed\" frameborder=\"0\" allow=\"accelerometer; autoplay; clipboard-write; encrypted-media; gyroscope; picture-in-picture\" allowfullscreen><\/iframe>\n<\/div><\/figure>\n\n\n\n<p>C\u2019est un point d\u2019alerte que nous portons \u00e0 votre attention et qui concerne les \u00e9coles.<\/p>\n\n\n\n<p>Est-il normal de vivre sa scolarit\u00e9 dans des conditions d\u00e9grad\u00e9es ? Les \u00e9coles, lieux d\u2019apprentissage et lieux de vie&nbsp;: c&#8217;est l\u00e0 que les enfants grandissent et s&#8217;\u00e9panouissent. Ils y passent 36 semaines sur 52, 8h par jour, 8 ans de leur vie. Investir pour la r\u00e9novation des b\u00e2timents et la construction de nouvelles \u00e9coles, ce n\u2019est donc pas du luxe, mais c\u2019est un imp\u00e9ratif que nous devons r\u00e9aliser.<\/p>\n\n\n\n<p>Notre constat, et c\u2019est le v\u00f4tre aussi, c\u2019est que nous commen\u00e7ons ce mandat dans une situation compliqu\u00e9e. Les \u00e9coles d\u00e9bordent dans la plupart des quartiers. Beaucoup de programmes immobiliers ont \u00e9t\u00e9 lanc\u00e9s dans les mandats pr\u00e9c\u00e9dents, pour r\u00e9pondre \u00e0 une demande tr\u00e8s forte \u00e0 Villeurbanne. Ces logements sont occup\u00e9s par de jeunes familles avec des enfants, qui ont besoin de modes de garde en cr\u00e8ches ou qui doivent \u00eatre scolaris\u00e9s. Le probl\u00e8me majeur est que les projets d&#8217;\u00e9quipements n&#8217;ont pas suivi les projets de d\u00e9veloppement de logements.<\/p>\n\n\n\n<p>Si l\u2019on regarde \u00e0 l\u2019\u00e9chelle d\u2019un quartier, le quartier Ferrandi\u00e8re, Maisons Neuves par exemple, une ZAC a \u00e9t\u00e9 d\u00e9limit\u00e9e, 450 logements ont \u00e9t\u00e9 livr\u00e9s, mais pas d&#8217;\u00e9cole pr\u00e9vue. En ce moment, des chantiers dont les permis de construire ont \u00e9t\u00e9 sign\u00e9s pendant le pr\u00e9c\u00e9dent mandat, s\u2019ach\u00e8vent ou viennent de commencer, comme le PUP (Projet Urbain Partenarial) rues Aynard et Lafontaine qui va cr\u00e9er 147 logements en 2022, ou encore les nouveaux immeubles rue Fr\u00e9d\u00e9ric Mistral mais pas d&#8217;\u00e9cole pr\u00e9vue.<\/p>\n\n\n\n<p>Je salue donc ici la proposition de r\u00e9aliser une \u00e9tude pour une nouvelle \u00e9cole dans ce quartier.<\/p>\n\n\n\n<p>La situation est telle que les capacit\u00e9s d\u2019accueil des \u00e9coles sont satur\u00e9es, et que les \u00e9tablissements doivent jouer aux classes musicales : lorsque les classes sont pleines, on installe les \u00e9l\u00e8ves dans des salles qu\u2019on r\u00e9am\u00e9nage en classe ; une fois ces salles elles m\u00eame remplies, on installe dans la cour de r\u00e9cr\u00e9ation des modulaires qui sont rapidement satur\u00e9s, ce qui contraint \u00e0 modifier la carte scolaire pour que les \u00e9l\u00e8ves toujours en surnombre aillent \u00e9tudier dans une autre \u00e9cole, dans laquelle tout le processus que je viens de d\u00e9crire se reproduit. Il y a parmi nous des \u00e9lus m\u00e9tropolitains, c&#8217;est le m\u00eame ph\u00e9nom\u00e8ne pour les coll\u00e8ges Jean Jaur\u00e8s et Louis Jouvet, qui eux aussi ont d\u00e9pass\u00e9 leur capacit\u00e9 d&#8217;accueil et utilisent des modulaires.<\/p>\n\n\n\n<p>C\u2019est pourquoi nous militons pour une coh\u00e9rence entre construction d\u2019immeubles priv\u00e9s et \u00e9quipements publics, pour que la cr\u00e9ation des \u00e9coles, des coll\u00e8ges, de tous les services publics n\u00e9cessaires et indispensables, soit planifi\u00e9e.<\/p>\n\n\n\n<p>Le d\u00e9veloppement urbain ne doit pas se faire au d\u00e9triment des conditions d&#8217;apprentissage des \u00e9l\u00e8ves, des conditions de travail pour les agents, des conditions de vie de famille (carence des modes de garde), au d\u00e9triment des conditions de d\u00e9placement et de mobilit\u00e9 de ces nouveaux habitants (saturation des transports en commun).<\/p>\n\n\n\n<p>D\u00e9livrer un permis de construire sur du foncier priv\u00e9 nous engage et entra\u00eene forc\u00e9ment un investissement public d&#8217;achat de foncier pour r\u00e9aliser les \u00e9quipements indispensables aux habitants, comme nous l\u2019a expliqu\u00e9 Mme Vessiller tout \u00e0 l\u2019heure.<\/p>\n\n\n\n<p>En vue de la prochaine r\u00e9vision du PLU-h, nous pourrions en profiter pour r\u00e9fl\u00e9chir \u00e0 ce que l\u2019on veut vraiment en termes d\u2019habitat collectif et \u00e0 la qualit\u00e9 de vie que nous offrons aux nouveaux villeurbannaises et villeurbannais. Nous serons aussi particuli\u00e8rement attentifs \u00e0 ce que les promoteurs priv\u00e9s, qui profitent largement du d\u00e9veloppement immobilier \u00e0 Villeurbanne, participent amplement au financement de ces \u00e9quipements publics.<\/p>\n\n\n\n<p>.<\/p>\n","protected":false},"excerpt":{"rendered":"<p>Par Laure-Emmanuelle Pradelle C\u2019est un point d\u2019alerte que nous portons \u00e0 votre attention et qui concerne les \u00e9coles. Est-il normal de vivre sa scolarit\u00e9 dans des conditions d\u00e9grad\u00e9es ? Les \u00e9coles, lieux d\u2019apprentissage et lieux de vie&nbsp;: c&#8217;est l\u00e0 que les enfants grandissent et s&#8217;\u00e9panouissent. Ils y passent 36 semaines sur 52, 8h par jour,&#8230;<\/p>\n","protected":false},"author":1,"featured_media":0,"comment_status":"open","ping_status":"open","sticky":false,"template":"","format":"standard","meta":[],"categories":[95,7,9],"tags":[43,183],"_links":{"self":[{"href":"https:\/\/villeurbanne-insoumise-ensemble.fr\/index.php?rest_route=\/wp\/v2\/posts\/82"}],"collection":[{"href":"https:\/\/villeurbanne-insoumise-ensemble.fr\/index.php?rest_route=\/wp\/v2\/posts"}],"about":[{"href":"https:\/\/villeurbanne-insoumise-ensemble.fr\/index.php?rest_route=\/wp\/v2\/types\/post"}],"author":[{"embeddable":true,"href":"https:\/\/villeurbanne-insoumise-ensemble.fr\/index.php?rest_route=\/wp\/v2\/users\/1"}],"replies":[{"embeddable":true,"href":"https:\/\/villeurbanne-insoumise-ensemble.fr\/index.php?rest_route=%2Fwp%2Fv2%2Fcomments&post=82"}],"version-history":[{"count":3,"href":"https:\/\/villeurbanne-insoumise-ensemble.fr\/index.php?rest_route=\/wp\/v2\/posts\/82\/revisions"}],"predecessor-version":[{"id":702,"href":"https:\/\/villeurbanne-insoumise-ensemble.fr\/index.php?rest_route=\/wp\/v2\/posts\/82\/revisions\/702"}],"wp:attachment":[{"href":"https:\/\/villeurbanne-insoumise-ensemble.fr\/index.php?rest_route=%2Fwp%2Fv2%2Fmedia&parent=82"}],"wp:term":[{"taxonomy":"category","embeddable":true,"href":"https:\/\/villeurbanne-insoumise-ensemble.fr\/index.php?rest_route=%2Fwp%2Fv2%2Fcategories&post=82"},{"taxonomy":"post_tag","embeddable":true,"href":"https:\/\/villeurbanne-insoumise-ensemble.fr\/index.php?rest_route=%2Fwp%2Fv2%2Ftags&post=82"}],"curies":[{"name":"wp","href":"https:\/\/api.w.org\/{rel}","templated":true}]}}