{"id":80,"date":"2021-02-24T11:30:13","date_gmt":"2021-02-24T10:30:13","guid":{"rendered":"http:\/\/villeurbanne-insoumise-ensemble.fr\/?p=80"},"modified":"2023-11-22T15:41:28","modified_gmt":"2023-11-22T14:41:28","slug":"les-problemes-de-securite-sont-avant-tout-des-problemes-sociaux","status":"publish","type":"post","link":"https:\/\/villeurbanne-insoumise-ensemble.fr\/?p=80","title":{"rendered":"Les probl\u00e8mes de s\u00e9curit\u00e9 sont avant tout des probl\u00e8mes sociaux !"},"content":{"rendered":"\n<p><em>Par Julien Ravello<\/em><\/p>\n\n\n\n<figure class=\"wp-block-embed is-type-video is-provider-youtube wp-block-embed-youtube wp-embed-aspect-16-9 wp-has-aspect-ratio\"><div class=\"wp-block-embed__wrapper\">\n<iframe loading=\"lazy\" title=\"Julien Ravello -  Les probl\u00e8mes de s\u00e9curit\u00e9 sont avant tout sociaux\" width=\"640\" height=\"360\" src=\"https:\/\/www.youtube.com\/embed\/4-k_tuhOpBg?feature=oembed\" frameborder=\"0\" allow=\"accelerometer; autoplay; clipboard-write; encrypted-media; gyroscope; picture-in-picture\" allowfullscreen><\/iframe>\n<\/div><\/figure>\n\n\n\n<p>Le dispositif que vous nous proposez de voter est nouveau puisqu&#8217;il concerne les petits d\u00e9lits, mais le maire peut d\u00e9j\u00e0, avec son pouvoir de police, entreprendre un rappel \u00e0 l&#8217;ordre pour des faits qui troublent l&#8217;ordre public. Nous tenons \u00e0 souligner que ces rappels \u00e0 l&#8217;ordre semblent plut\u00f4t efficaces puisque 65 % des personnes concern\u00e9es ne r\u00e9cidivent pas. L\u2019exp\u00e9rimentation dont il est question ici touche d&#8217;autre type d&#8217;infractions, mais elle permet d&#8217;associer, en amont de la r\u00e9ponse judiciaire, des \u00e9ducateurs sociaux en lien avec la famille si la personne est mineure. Nous avons cru comprendre qu&#8217;un travailleur social, en l\u2019occurrence un \u00e9ducateur de la PJJ, avait \u00e9t\u00e9 recrut\u00e9 pour ce travail, et nous serons toujours favorables aux r\u00e9ponses de pr\u00e9vention et d&#8217;accompagnement, surtout lorsqu&#8217;elles permettent que les petits d\u00e9lits ne se transforment en crimes par manque de prise en charge. Traiter des d\u00e9lits mineurs avec ce dispositif en lien avec la PJJ nous para\u00eet donc \u00eatre une tr\u00e8s bonne id\u00e9e.<\/p>\n\n\n\n<p>Je dis &#8220;para\u00eetre&#8221;, car lorsque nous avons vu cette d\u00e9lib\u00e9ration dans l&#8217;ordre du jour, nous nous sommes quand m\u00eame pos\u00e9 plusieurs questions, et nous arrivons \u00e0 ce conseil avec plusieurs points d&#8217;attention et de vigilance. La sanction ne doit jamais exister sans pr\u00e9vention. En mati\u00e8re de s\u00e9curit\u00e9 d&#8217;ailleurs, nos ma\u00eetre-mots sont dans l\u2019ordre, pr\u00e9vention, m\u00e9diation, dissuasion, et sanction si n\u00e9cessaire. Mais n&#8217;oublions pas que les probl\u00e8mes de s\u00e9curit\u00e9 sont avant tout des probl\u00e8mes sociaux, et sans solutions apport\u00e9es \u00e0 ces probl\u00e8mes sociaux, nous serons toujours confront\u00e9s \u00e0 des probl\u00e8mes de s\u00e9curit\u00e9. Nous devons donner espoir, apporter une vision, un projet commun, cr\u00e9er du lien social et des conditions de vie dignes pour toutes et tous. <\/p>\n\n\n\n<p>Les r\u00e9ponses \u00e0 apporter sont donc aussi d&#8217;ordre social et \u00e9conomique. Il faut que nous mettions en place des mesures conjointes, avec bien s\u00fbr le renforcement de la police de proximit\u00e9, les \u00e9ducateurs de rue, mais aussi un soutien dans le cursus scolaire et la limitation de l\u2019absent\u00e9isme, la possibilit\u00e9 d&#8217;acc\u00e9der \u00e0 toutes les formations qualifiantes (le professionnel, l&#8217;apprentissage, l&#8217;alternance&#8230;) et \u00e0 l&#8217;emploi. Pour les jeunes en r\u00e9elle difficult\u00e9 et sans travail, le RSA jeune, m\u00eame s&#8217;il est bien s\u00fbr insuffisant pour vivre dignement, va dans la bonne direction. A l&#8217;\u00e9chelle nationale, nous sommes pour la l\u00e9galisation contr\u00f4l\u00e9e du cannabis puisqu&#8217;elle aidera \u00e0 la disparition du march\u00e9 souterrain actuel qui prosp\u00e8re sur la mis\u00e8re.<\/p>\n\n\n\n<p>Le travail social doit aussi se combiner avec une police de proximit\u00e9 qui conna\u00eet son quartier et ses habitants et habitantes. Nous appelons de nos v\u0153ux \u00e0 ce que les recrutements r\u00e9cemment d\u00e9cid\u00e9s au sein de notre police villeurbannaise permettent des missions de paix et de concorde, en bonne intelligence avec les travailleurs sociaux, plut\u00f4t que de contr\u00f4le et de r\u00e9pression. Je vous signale au passage une petite question de s\u00e9mantique, qui n&#8217;est cependant pas anecdotique. Je sais que l&#8217;on entend partout que la police est d\u00e9sormais une force de l&#8217;ordre, mais nous devons pr\u00eater attention \u00e0 ne pas rentrer dans ce jeu, et nous pensons pr\u00e9f\u00e9rable de les nommer \u00ab gardien de la paix \u00bb car c&#8217;est avant tout \u00e0 la paix que nous aspirons.<\/p>\n\n\n\n<p>Je tiens \u00e9galement \u00e0 nous alerter collectivement sur une d\u00e9rive inqui\u00e9tante : au niveau local, le recul de la police nationale sur les missions de proximit\u00e9 a laiss\u00e9 place \u00e0 un recours croissant des maires aux polices municipales. Ironie de l\u2019histoire, les policiers municipaux d\u00e9di\u00e9s aux missions de proximit\u00e9 finissent par r\u00e9clamer les m\u00eames attributions que la police nationale. <\/p>\n\n\n\n<p>Nous serons donc attentifs et attentives aux suites donn\u00e9es \u00e0 ce dispositif. Il doit durer un an ; il faudra donc l&#8217;\u00e9valuer avant son terme pour prendre une d\u00e9cision \u00e9clair\u00e9e sur son potentiel renouvellement. On peut par exemple pr\u00e9voir une \u00e9valuation \u00e0 6 mois, \u00e0 laquelle le Conseil local de s\u00e9curit\u00e9 et de pr\u00e9vention de la d\u00e9linquance (CLSPD) serait pleinement associ\u00e9. <\/p>\n\n\n\n<p>Je terminerai par cette citation de Fran\u00e7ois Delapierre : &#8220;La lutte contre la d\u00e9linquance est une question confisqu\u00e9e, entre emballements passionnels et hold-up technicien. C\u2019est pourtant une question politique dont le peuple doit pouvoir d\u00e9battre pour d\u00e9cider.&#8221;<\/p>\n","protected":false},"excerpt":{"rendered":"<p>Par Julien Ravello Le dispositif que vous nous proposez de voter est nouveau puisqu&#8217;il concerne les petits d\u00e9lits, mais le maire peut d\u00e9j\u00e0, avec son pouvoir de police, entreprendre un rappel \u00e0 l&#8217;ordre pour des faits qui troublent l&#8217;ordre public. Nous tenons \u00e0 souligner que ces rappels \u00e0 l&#8217;ordre semblent plut\u00f4t efficaces puisque 65 %&#8230;<\/p>\n","protected":false},"author":1,"featured_media":0,"comment_status":"open","ping_status":"open","sticky":false,"template":"","format":"standard","meta":[],"categories":[95,7,9],"tags":[43,184],"_links":{"self":[{"href":"https:\/\/villeurbanne-insoumise-ensemble.fr\/index.php?rest_route=\/wp\/v2\/posts\/80"}],"collection":[{"href":"https:\/\/villeurbanne-insoumise-ensemble.fr\/index.php?rest_route=\/wp\/v2\/posts"}],"about":[{"href":"https:\/\/villeurbanne-insoumise-ensemble.fr\/index.php?rest_route=\/wp\/v2\/types\/post"}],"author":[{"embeddable":true,"href":"https:\/\/villeurbanne-insoumise-ensemble.fr\/index.php?rest_route=\/wp\/v2\/users\/1"}],"replies":[{"embeddable":true,"href":"https:\/\/villeurbanne-insoumise-ensemble.fr\/index.php?rest_route=%2Fwp%2Fv2%2Fcomments&post=80"}],"version-history":[{"count":2,"href":"https:\/\/villeurbanne-insoumise-ensemble.fr\/index.php?rest_route=\/wp\/v2\/posts\/80\/revisions"}],"predecessor-version":[{"id":704,"href":"https:\/\/villeurbanne-insoumise-ensemble.fr\/index.php?rest_route=\/wp\/v2\/posts\/80\/revisions\/704"}],"wp:attachment":[{"href":"https:\/\/villeurbanne-insoumise-ensemble.fr\/index.php?rest_route=%2Fwp%2Fv2%2Fmedia&parent=80"}],"wp:term":[{"taxonomy":"category","embeddable":true,"href":"https:\/\/villeurbanne-insoumise-ensemble.fr\/index.php?rest_route=%2Fwp%2Fv2%2Fcategories&post=80"},{"taxonomy":"post_tag","embeddable":true,"href":"https:\/\/villeurbanne-insoumise-ensemble.fr\/index.php?rest_route=%2Fwp%2Fv2%2Ftags&post=80"}],"curies":[{"name":"wp","href":"https:\/\/api.w.org\/{rel}","templated":true}]}}