{"id":772,"date":"2021-10-12T15:33:07","date_gmt":"2021-10-12T13:33:07","guid":{"rendered":"http:\/\/villeurbanne-insoumise-ensemble.fr\/?p=772"},"modified":"2023-11-22T16:15:12","modified_gmt":"2023-11-22T15:15:12","slug":"avec-la-preemption-faisons-dune-pierre-deux-coups","status":"publish","type":"post","link":"https:\/\/villeurbanne-insoumise-ensemble.fr\/?p=772","title":{"rendered":"Avec la pr\u00e9emption, faisons d&#8217;une pierre deux coups !"},"content":{"rendered":"\n<p><em>Par Morgane Guillas<\/em><\/p>\n\n\n\n<figure class=\"wp-block-embed is-type-video is-provider-youtube wp-block-embed-youtube wp-embed-aspect-16-9 wp-has-aspect-ratio\"><div class=\"wp-block-embed__wrapper\">\n<iframe loading=\"lazy\" title=\"Morgane Guillas - Avec la pr\u00e9emptions, faisons d&#039;une pierre deux coups !\" width=\"640\" height=\"360\" src=\"https:\/\/www.youtube.com\/embed\/8EiVEfznOo0?feature=oembed\" frameborder=\"0\" allow=\"accelerometer; autoplay; clipboard-write; encrypted-media; gyroscope; picture-in-picture\" allowfullscreen><\/iframe>\n<\/div><\/figure>\n\n\n\n<p>Nous avons d\u00e9j\u00e0 dit en conseil qu\u2019anticiper la construction des \u00e9quipements publics est tr\u00e8s important pour \u00e9viter les classes en pr\u00e9fabriqu\u00e9, le manque d\u2019espaces verts ou potagers, ou la disparition des terrains de sport ; bref, pour ma\u00eetriser notre foncier. La pr\u00e9emption, c\u2019est donc un tr\u00e8s bon outil pour planifier \u00e0 la fois nos \u00e9quipements publics, pour anticiper leur construction et les besoins des habitants, mais aussi pour pr\u00e9voir des surfaces d&#8217;agriculture urbaine par exemple.\u00a0<\/p>\n\n\n\n<p>Il y a un autre avantage \u00e0 la pr\u00e9emption ; une fois achet\u00e9s les immeubles ou maisons d\u2019habitation et avant leur destruction, on peut tout \u00e0 fait les am\u00e9nager et en faire profiter des publics fragiles. Les logements pr\u00e9empt\u00e9s sont d\u00e9j\u00e0 identifi\u00e9s et ils pourront accueillir des personnes sans-abri ou sans solution de logement. Ils pourront aussi abriter de nouveaux services comme un centre social.<\/p>\n\n\n\n<p>Avec la pr\u00e9emption, nous faisons finalement d\u2019une pierre deux coups : nous anticipons les besoins des villeurbannais et villeurbannaises en planifiant nos constructions publiques ; et nous logeons des personnes dans le besoin. A quelques jours de la semaine de l\u2019hospitalit\u00e9, c\u2019est de bon augure !<\/p>\n","protected":false},"excerpt":{"rendered":"<p>Par Morgane Guillas Nous avons d\u00e9j\u00e0 dit en conseil qu\u2019anticiper la construction des \u00e9quipements publics est tr\u00e8s important pour \u00e9viter les classes en pr\u00e9fabriqu\u00e9, le manque d\u2019espaces verts ou potagers, ou la disparition des terrains de sport ; bref, pour ma\u00eetriser notre foncier. La pr\u00e9emption, c\u2019est donc un tr\u00e8s bon outil pour planifier \u00e0 la&#8230;<\/p>\n","protected":false},"author":1,"featured_media":0,"comment_status":"open","ping_status":"open","sticky":false,"template":"","format":"standard","meta":[],"categories":[95,7],"tags":[183],"_links":{"self":[{"href":"https:\/\/villeurbanne-insoumise-ensemble.fr\/index.php?rest_route=\/wp\/v2\/posts\/772"}],"collection":[{"href":"https:\/\/villeurbanne-insoumise-ensemble.fr\/index.php?rest_route=\/wp\/v2\/posts"}],"about":[{"href":"https:\/\/villeurbanne-insoumise-ensemble.fr\/index.php?rest_route=\/wp\/v2\/types\/post"}],"author":[{"embeddable":true,"href":"https:\/\/villeurbanne-insoumise-ensemble.fr\/index.php?rest_route=\/wp\/v2\/users\/1"}],"replies":[{"embeddable":true,"href":"https:\/\/villeurbanne-insoumise-ensemble.fr\/index.php?rest_route=%2Fwp%2Fv2%2Fcomments&post=772"}],"version-history":[{"count":1,"href":"https:\/\/villeurbanne-insoumise-ensemble.fr\/index.php?rest_route=\/wp\/v2\/posts\/772\/revisions"}],"predecessor-version":[{"id":773,"href":"https:\/\/villeurbanne-insoumise-ensemble.fr\/index.php?rest_route=\/wp\/v2\/posts\/772\/revisions\/773"}],"wp:attachment":[{"href":"https:\/\/villeurbanne-insoumise-ensemble.fr\/index.php?rest_route=%2Fwp%2Fv2%2Fmedia&parent=772"}],"wp:term":[{"taxonomy":"category","embeddable":true,"href":"https:\/\/villeurbanne-insoumise-ensemble.fr\/index.php?rest_route=%2Fwp%2Fv2%2Fcategories&post=772"},{"taxonomy":"post_tag","embeddable":true,"href":"https:\/\/villeurbanne-insoumise-ensemble.fr\/index.php?rest_route=%2Fwp%2Fv2%2Ftags&post=772"}],"curies":[{"name":"wp","href":"https:\/\/api.w.org\/{rel}","templated":true}]}}