{"id":770,"date":"2021-10-12T15:30:48","date_gmt":"2021-10-12T13:30:48","guid":{"rendered":"http:\/\/villeurbanne-insoumise-ensemble.fr\/?p=770"},"modified":"2023-11-22T16:15:02","modified_gmt":"2023-11-22T15:15:02","slug":"la-ville-ameliore-laccompagnement-des-acteurs-de-less","status":"publish","type":"post","link":"https:\/\/villeurbanne-insoumise-ensemble.fr\/?p=770","title":{"rendered":"La ville am\u00e9liore l&#8217;accompagnement des acteurs de l&#8217;ESS !"},"content":{"rendered":"\n<p><em>Par Julien Ravello<\/em><\/p>\n\n\n\n<figure class=\"wp-block-embed is-type-video is-provider-youtube wp-block-embed-youtube wp-embed-aspect-16-9 wp-has-aspect-ratio\"><div class=\"wp-block-embed__wrapper\">\n<iframe loading=\"lazy\" title=\"Julien Ravello - La ville accompagne les acteurs de l&#039;ESS\" width=\"640\" height=\"360\" src=\"https:\/\/www.youtube.com\/embed\/qJAc78ahunY?feature=oembed\" frameborder=\"0\" allow=\"accelerometer; autoplay; clipboard-write; encrypted-media; gyroscope; picture-in-picture\" allowfullscreen><\/iframe>\n<\/div><\/figure>\n\n\n\n<p>Les crises engendr\u00e9es par la pand\u00e9mie de la Covid-19 ont touch\u00e9 l\u2019ensemble des acteurs de la vie locale et ont des cons\u00e9quences pour chacun d\u2019entre eux.<\/p>\n\n\n\n<p>La Ville de Villeurbanne a notamment eu une fonction de communication et de maintien de la relation avec l\u2019ensemble de ses acteurs \u00e9conomiques et a particip\u00e9 \u00e0 l\u2019organisation d\u2019une solidarit\u00e9 de proximit\u00e9 avec des mesures financi\u00e8res et techniques d\u2019urgence, et des mesures \u00e0 moyen terme destin\u00e9 \u00e0 soutenir la reprise progressive des activit\u00e9s.<\/p>\n\n\n\n<p>Bien que de nombreux dispositifs d\u2019accompagnement et de soutien mis en \u0153uvre dans le cadre de la relance \u00e9conomique promeuvent l\u2019acc\u00e8s universel, le Secr\u00e9tariat d\u2019\u00c9tat en charge de <em>l\u2019\u00c9conomie sociale, solidaire et responsable <\/em>a relev\u00e9 des difficult\u00e9s d\u2019appropriation et de mobilisation de ces derniers par les acteurs de l\u2019\u00c9conomie sociale et solidaire (ESS).<\/p>\n\n\n\n<p>Je rappelle que nous d\u00e9nombrons environ 470 \u00e9tablissements employeurs relevant de l\u2019ESS sur Villeurbanne, regroupant environ 10 % de l\u2019emploi salari\u00e9 total de la commune. Les modes entrepreneuriaux se basant sur les quatre grands principes de l\u2019ESS (finalit\u00e9 sociale, lucrativit\u00e9 nulle ou limit\u00e9e, gouvernance participative et projet \u00e9conomique viable) ont un poids non n\u00e9gligeable dans notre \u00e9conomie locale.<\/p>\n\n\n\n<p>Au regard de nombreuses politiques municipales, la Ville souhaite am\u00e9liorer et amplifier l\u2019accompagnement des acteurs de l\u2019ESS villeurbannais qui seraient dans le besoin.<\/p>\n\n\n\n<p>C\u2019est pourquoi, nous avons r\u00e9pondu favorablement aux sollicitations de la Chambre r\u00e9gionale de l\u2019ESS Auvergne-Rh\u00f4ne-Alpes (la Cress AuRA), de Ronalpia (qui est l\u2019incubateur d\u2019entrepreneurs sociaux) et de l\u2019association Appui gestion formation Scop entreprises.<\/p>\n\n\n\n<p>Ces organismes ayant adapt\u00e9 leur service d\u2019accompagnement des entreprises dans leur phase de reprise afin de combler les manques observ\u00e9s pour dynamiser et soutenir les \u00e9changes \u00e9conomiques des entreprises de l\u2019ESS et pour \u00e9viter que des difficult\u00e9s conjoncturelles des entreprises deviennent structurelles.<\/p>\n\n\n\n<p>C\u2019est donc 20 000 euros d\u00e9di\u00e9s aux acteurs de l\u2019ESS que nous vous proposons de voter aujourd\u2019hui.&nbsp;<\/p>\n","protected":false},"excerpt":{"rendered":"<p>Par Julien Ravello Les crises engendr\u00e9es par la pand\u00e9mie de la Covid-19 ont touch\u00e9 l\u2019ensemble des acteurs de la vie locale et ont des cons\u00e9quences pour chacun d\u2019entre eux. La Ville de Villeurbanne a notamment eu une fonction de communication et de maintien de la relation avec l\u2019ensemble de ses acteurs \u00e9conomiques et a particip\u00e9&#8230;<\/p>\n","protected":false},"author":1,"featured_media":0,"comment_status":"open","ping_status":"open","sticky":false,"template":"","format":"standard","meta":[],"categories":[95,7],"tags":[88],"_links":{"self":[{"href":"https:\/\/villeurbanne-insoumise-ensemble.fr\/index.php?rest_route=\/wp\/v2\/posts\/770"}],"collection":[{"href":"https:\/\/villeurbanne-insoumise-ensemble.fr\/index.php?rest_route=\/wp\/v2\/posts"}],"about":[{"href":"https:\/\/villeurbanne-insoumise-ensemble.fr\/index.php?rest_route=\/wp\/v2\/types\/post"}],"author":[{"embeddable":true,"href":"https:\/\/villeurbanne-insoumise-ensemble.fr\/index.php?rest_route=\/wp\/v2\/users\/1"}],"replies":[{"embeddable":true,"href":"https:\/\/villeurbanne-insoumise-ensemble.fr\/index.php?rest_route=%2Fwp%2Fv2%2Fcomments&post=770"}],"version-history":[{"count":1,"href":"https:\/\/villeurbanne-insoumise-ensemble.fr\/index.php?rest_route=\/wp\/v2\/posts\/770\/revisions"}],"predecessor-version":[{"id":771,"href":"https:\/\/villeurbanne-insoumise-ensemble.fr\/index.php?rest_route=\/wp\/v2\/posts\/770\/revisions\/771"}],"wp:attachment":[{"href":"https:\/\/villeurbanne-insoumise-ensemble.fr\/index.php?rest_route=%2Fwp%2Fv2%2Fmedia&parent=770"}],"wp:term":[{"taxonomy":"category","embeddable":true,"href":"https:\/\/villeurbanne-insoumise-ensemble.fr\/index.php?rest_route=%2Fwp%2Fv2%2Fcategories&post=770"},{"taxonomy":"post_tag","embeddable":true,"href":"https:\/\/villeurbanne-insoumise-ensemble.fr\/index.php?rest_route=%2Fwp%2Fv2%2Ftags&post=770"}],"curies":[{"name":"wp","href":"https:\/\/api.w.org\/{rel}","templated":true}]}}