{"id":766,"date":"2021-10-12T15:23:56","date_gmt":"2021-10-12T13:23:56","guid":{"rendered":"http:\/\/villeurbanne-insoumise-ensemble.fr\/?p=766"},"modified":"2023-11-22T16:14:37","modified_gmt":"2023-11-22T15:14:37","slug":"territoire-zero-chomeur-ameliorons-saint-jean","status":"publish","type":"post","link":"https:\/\/villeurbanne-insoumise-ensemble.fr\/?p=766","title":{"rendered":"Territoire z\u00e9ro ch\u00f4meur : am\u00e9liorons Saint-Jean !"},"content":{"rendered":"\n<p><em>Par Aurore Gorriquer<\/em><\/p>\n\n\n\n<figure class=\"wp-block-embed is-type-video is-provider-youtube wp-block-embed-youtube wp-embed-aspect-16-9 wp-has-aspect-ratio\"><div class=\"wp-block-embed__wrapper\">\n<iframe loading=\"lazy\" title=\"Aurore Gorriquer - Territoire z\u00e9ro ch\u00f4meurs, am\u00e9liorons Saint-Jean !\" width=\"640\" height=\"360\" src=\"https:\/\/www.youtube.com\/embed\/FyhqIEX0OAw?feature=oembed\" frameborder=\"0\" allow=\"accelerometer; autoplay; clipboard-write; encrypted-media; gyroscope; picture-in-picture\" allowfullscreen><\/iframe>\n<\/div><\/figure>\n\n\n\n<p>Parmi les demandeurs d\u2019emploi, beaucoup sont pauvres ou ne touchent pas d\u2019allocations ch\u00f4mage (Seulement 40% des inscrits \u00e0 P\u00f4le emploi sont indemnis\u00e9s). Situations pr\u00e9occupantes : 13 % renoncent aux soins, 8 % d\u00e9clarent avoir des pens\u00e9es suicidaires. Christophe Dejours, m\u00e9decin psychiatre et psychanalyste, fondateur de la psychodynamique du travail, analyse les effets d\u00e9l\u00e9t\u00e8res de l\u2019absence d\u2019emploi sur la sant\u00e9 globale des individus.&nbsp;<\/p>\n\n\n\n<p>Ce sp\u00e9cialiste de la souffrance au travail explique que le travail n\u2019est jamais neutre vis\u2011\u00e0\u2011vis de la sant\u00e9. Il peut g\u00e9n\u00e9rer le meilleur, comme l\u2019estime de soi, mais aussi le pire, que ce soit le d\u00e9nigrement dans le travail ou la privation d\u2019emploi, qui peuvent saper les fondements de la personnalit\u00e9.<\/p>\n\n\n\n<p>C\u2019est pour \u00e7a qu\u2019il est essentiel de pr\u00eater attention au travail, mais surtout aux travailleurs et \u00e0 ceux et celles qui souffrent de l\u2019absence de travail. Le projet Territoire z\u00e9ro ch\u00f4meur de longue dur\u00e9e a \u00e9t\u00e9 lanc\u00e9 par ATD Quart Monde, qui a \u00e9t\u00e9 rejoint par d&#8217;autres acteurs de la lutte contre l&#8217;exclusion, comme Emma\u00fcs France ou Le Secours Catholique.&nbsp;<\/p>\n\n\n\n<p>L&#8217;exp\u00e9rience repose sur trois intuitions : personne n&#8217;est inemployable, ce n&#8217;est pas l&#8217;argent qui manque, ce n&#8217;est pas le travail qui fait d\u00e9faut.<\/p>\n\n\n\n<p>Le but de Territoire z\u00e9ro ch\u00f4meurs est d\u2019employer des personnes qui sont sans emploi depuis plus d&#8217;un an, en s\u2019appuyant \u00e0 la fois sur les besoins du territoire, mais aussi sur leurs propres envies et comp\u00e9tences.<\/p>\n\n\n\n<p>Le quartier Saint-Jean, c&#8217;est 56 % de logements sociaux, 5 % de cat\u00e9gories socioprofessionnelles ais\u00e9es contre 13% pour tout Villeurbanne, une population \u00e0 faibles revenus, le revenu m\u00e9dian est de 10 310 euros sur le quartier prioritaire contre 18 606 \u20ac \u00e0 Villeurbanne : c&#8217;est donc pour le quartier Saint-Jean que Villeurbanne a d&#8217;abord candidat\u00e9 et a \u00e9t\u00e9 choisie, comme 10 autres territoires en France. L&#8217;exp\u00e9rience a d\u00e9but\u00e9 en 2017.<\/p>\n\n\n\n<p>A Saint-Jean, c&#8217;est l&#8217;Entreprise \u00e0 but d\u2019emploi Emerjean qui porte le dispositif. Emerjean propose des services aux habitants, comme par exemple, \u00ab voisins malins \u00bb, c\u2019est une association qui r\u00e9alise des campagnes de porte-\u00e0-porte avec des partenaires locaux, afin d&#8217;am\u00e9liorer l&#8217;acc\u00e8s aux habitant.e.s du quartier aux services de la vie quotidienne, l\u2019embellissement des logements et r\u00e9cemment des services de postes, mais aussi des services en lien avec la transition \u00e9cologique (maraichage urbain, boutique de tri, collecte de compostage de biod\u00e9chets) et des services aux entreprises (couture, blanchisserie professionnelle, soutien administratif&#8230;).<\/p>\n\n\n\n<p>Emerjean joue donc un r\u00f4le important pour ce territoire encore enclav\u00e9 qui a besoin de services de proximit\u00e9s.&nbsp;<\/p>\n\n\n\n<p>Depuis 2017, plus de 200 personnes ont \u00e9t\u00e9 rencontr\u00e9es en entretien individuels, plus de 100 personnes sorties durablement de la privation d\u2019emploi, 80 emplois ont \u00e9t\u00e9 cr\u00e9\u00e9s au sein de l\u2019entreprise \u00e0 but d\u2019emploi Emerjean. La mobilisation des acteurs du territoire (Mission locale, P\u00f4le Emploi acteurs associatifs\u2026) a \u00e9t\u00e9 croissante et ne se d\u00e9ment pas. Le rapport d\u2019\u00e9valuation interm\u00e9diaire de septembre 2020, soulign\u00e9 pour sa qualit\u00e9 au niveau national, met en avant ses premiers r\u00e9sultats mais aussi des axes d\u2019am\u00e9lioration.<\/p>\n\n\n\n<p>Comme toutes les exp\u00e9rimentations, chaque renouvellement am\u00e8ne \u00e0 trouver des points d&#8217;am\u00e9lioration dans l&#8217;espoir d&#8217;un projet durable.<\/p>\n\n\n\n<p>La deuxi\u00e8me d\u00e9lib\u00e9ration porte sur Le Booster de Saint-Jean, une association r\u00e9gie par la loi de 1901, cr\u00e9\u00e9e en f\u00e9vrier 2017 au service du d\u00e9veloppement du territoire en lien avec les habitants, les entreprises et les collectivit\u00e9s territoriales, elle a pour objectif de s\u00e9curiser et d\u2019acc\u00e9l\u00e9rer l\u2019exp\u00e9rimentation \u00ab Territoire z\u00e9ro ch\u00f4meur de longue dur\u00e9e \u00bb Villeurbanne-Saint-Jean.<\/p>\n\n\n\n<p>Les activit\u00e9s du Booster sont assur\u00e9es par deux dispositifs :<\/p>\n\n\n\n<p>&#8211; le \u00ab Booster des talents \u00bb : qui accompagne les demandeurs d\u2019emploi avant et apr\u00e8s leur passage par l\u2019entreprise \u00e0 but d\u2019emploi (EmerJean),<\/p>\n\n\n\n<p>&#8211; le \u00ab Booster d\u2019activit\u00e9s \u00bb qui r\u00e9fl\u00e9chit et propose des activit\u00e9s utiles, novatrices, et g\u00e9n\u00e9ratrices d\u2019emploi. Ces activit\u00e9s peuvent \u00eatre port\u00e9es par la suite par EmerJean, par d\u2019autres entreprises sociales ou conventionnelles (fili\u00e8res de l\u2019\u00e9conomie circulaire ou de l\u2019\u00e9co-mobilit\u00e9 notamment).<\/p>\n\n\n\n<p>Je vous propose donc de voter ces deux d\u00e9lib\u00e9rations pour le renouvellement de l&#8217;exp\u00e9rience Territoire z\u00e9ro ch\u00f4meurs \u00e0 Saint-Jean. Nous allons continuer \u00e0 travailler vers le meilleur accompagnement possible des demandeurs d&#8217;emploi, et pour des emplois utiles pour le quartier, r\u00e9pondant aux grands enjeux sociaux et environnementaux actuels.<\/p>\n","protected":false},"excerpt":{"rendered":"<p>Par Aurore Gorriquer Parmi les demandeurs d\u2019emploi, beaucoup sont pauvres ou ne touchent pas d\u2019allocations ch\u00f4mage (Seulement 40% des inscrits \u00e0 P\u00f4le emploi sont indemnis\u00e9s). Situations pr\u00e9occupantes : 13 % renoncent aux soins, 8 % d\u00e9clarent avoir des pens\u00e9es suicidaires. Christophe Dejours, m\u00e9decin psychiatre et psychanalyste, fondateur de la psychodynamique du travail, analyse les effets&#8230;<\/p>\n","protected":false},"author":1,"featured_media":0,"comment_status":"open","ping_status":"open","sticky":false,"template":"","format":"standard","meta":[],"categories":[95,7],"tags":[125,182],"_links":{"self":[{"href":"https:\/\/villeurbanne-insoumise-ensemble.fr\/index.php?rest_route=\/wp\/v2\/posts\/766"}],"collection":[{"href":"https:\/\/villeurbanne-insoumise-ensemble.fr\/index.php?rest_route=\/wp\/v2\/posts"}],"about":[{"href":"https:\/\/villeurbanne-insoumise-ensemble.fr\/index.php?rest_route=\/wp\/v2\/types\/post"}],"author":[{"embeddable":true,"href":"https:\/\/villeurbanne-insoumise-ensemble.fr\/index.php?rest_route=\/wp\/v2\/users\/1"}],"replies":[{"embeddable":true,"href":"https:\/\/villeurbanne-insoumise-ensemble.fr\/index.php?rest_route=%2Fwp%2Fv2%2Fcomments&post=766"}],"version-history":[{"count":1,"href":"https:\/\/villeurbanne-insoumise-ensemble.fr\/index.php?rest_route=\/wp\/v2\/posts\/766\/revisions"}],"predecessor-version":[{"id":767,"href":"https:\/\/villeurbanne-insoumise-ensemble.fr\/index.php?rest_route=\/wp\/v2\/posts\/766\/revisions\/767"}],"wp:attachment":[{"href":"https:\/\/villeurbanne-insoumise-ensemble.fr\/index.php?rest_route=%2Fwp%2Fv2%2Fmedia&parent=766"}],"wp:term":[{"taxonomy":"category","embeddable":true,"href":"https:\/\/villeurbanne-insoumise-ensemble.fr\/index.php?rest_route=%2Fwp%2Fv2%2Fcategories&post=766"},{"taxonomy":"post_tag","embeddable":true,"href":"https:\/\/villeurbanne-insoumise-ensemble.fr\/index.php?rest_route=%2Fwp%2Fv2%2Ftags&post=766"}],"curies":[{"name":"wp","href":"https:\/\/api.w.org\/{rel}","templated":true}]}}