{"id":751,"date":"2021-10-07T21:00:00","date_gmt":"2021-10-07T19:00:00","guid":{"rendered":"http:\/\/villeurbanne-insoumise-ensemble.fr\/?p=751"},"modified":"2021-10-12T11:32:06","modified_gmt":"2021-10-12T09:32:06","slug":"inauguration-des-maisons-de-lesperance","status":"publish","type":"post","link":"https:\/\/villeurbanne-insoumise-ensemble.fr\/?p=751","title":{"rendered":"Inauguration des maisons de l&#8217;esp\u00e9rance"},"content":{"rendered":"\n<p>Jeudi 7 octobre, <strong>Agathe Fort<\/strong> et <strong>Aurore Gorriquer <\/strong>se sont rendues \u00e0 l&#8217;<strong>inauguration des maisons de l&#8217;esp\u00e9rance<\/strong>, projet port\u00e9 par l&#8217;association Simon de Cyr\u00e8ne. Apr\u00e8s Vanves, Angers, Rungis, Dijon et Nantes, c&#8217;est au tour de Villeurbanne d&#8217;ouvrir une maison partag\u00e9e entre personnes en situation de handicap et accompagant\u00b7e\u00b7s. Dot\u00e9es de pi\u00e8ces de vie communes (salon, salle \u00e0 manger, cuisine), elles sont aussi d\u00e9coup\u00e9es en studios individuels qui garantissent de l&#8217;autonomie pour chacun\u00b7e.<\/p>\n\n\n\n<p>Vous voulez en savoir plus ? Rendez-vous sur le site de <a href=\"https:\/\/france3-regions.francetvinfo.fr\/auvergne-rhone-alpes\/rhone\/villeurbanne-une-maison-partagee-ou-cohabitent-adultes-valides-et-handicapes-2261893.html\" target=\"_blank\" rel=\"noreferrer noopener\">France 3 Auvergne-Rh\u00f4ne-Alpes <\/a>ou sur le site de l&#8217;<a href=\"https:\/\/www.simondecyrene.org\/simon-de-cyrene\/nos-propositions\/les-maisons-partages-ouvertes\/\" target=\"_blank\" rel=\"noreferrer noopener\">association Simon de Cyr\u00e8ne<\/a>.<\/p>\n","protected":false},"excerpt":{"rendered":"<p>Jeudi 7 octobre, Agathe Fort et Aurore Gorriquer se sont rendues \u00e0 l&#8217;inauguration des maisons de l&#8217;esp\u00e9rance, projet port\u00e9 par l&#8217;association Simon de Cyr\u00e8ne. Apr\u00e8s Vanves, Angers, Rungis, Dijon et Nantes, c&#8217;est au tour de Villeurbanne d&#8217;ouvrir une maison partag\u00e9e entre personnes en situation de handicap et accompagant\u00b7e\u00b7s. Dot\u00e9es de pi\u00e8ces de vie communes (salon,&#8230;<\/p>\n","protected":false},"author":1,"featured_media":752,"comment_status":"open","ping_status":"open","sticky":false,"template":"","format":"standard","meta":[],"categories":[5],"tags":[79],"_links":{"self":[{"href":"https:\/\/villeurbanne-insoumise-ensemble.fr\/index.php?rest_route=\/wp\/v2\/posts\/751"}],"collection":[{"href":"https:\/\/villeurbanne-insoumise-ensemble.fr\/index.php?rest_route=\/wp\/v2\/posts"}],"about":[{"href":"https:\/\/villeurbanne-insoumise-ensemble.fr\/index.php?rest_route=\/wp\/v2\/types\/post"}],"author":[{"embeddable":true,"href":"https:\/\/villeurbanne-insoumise-ensemble.fr\/index.php?rest_route=\/wp\/v2\/users\/1"}],"replies":[{"embeddable":true,"href":"https:\/\/villeurbanne-insoumise-ensemble.fr\/index.php?rest_route=%2Fwp%2Fv2%2Fcomments&post=751"}],"version-history":[{"count":4,"href":"https:\/\/villeurbanne-insoumise-ensemble.fr\/index.php?rest_route=\/wp\/v2\/posts\/751\/revisions"}],"predecessor-version":[{"id":759,"href":"https:\/\/villeurbanne-insoumise-ensemble.fr\/index.php?rest_route=\/wp\/v2\/posts\/751\/revisions\/759"}],"wp:featuredmedia":[{"embeddable":true,"href":"https:\/\/villeurbanne-insoumise-ensemble.fr\/index.php?rest_route=\/wp\/v2\/media\/752"}],"wp:attachment":[{"href":"https:\/\/villeurbanne-insoumise-ensemble.fr\/index.php?rest_route=%2Fwp%2Fv2%2Fmedia&parent=751"}],"wp:term":[{"taxonomy":"category","embeddable":true,"href":"https:\/\/villeurbanne-insoumise-ensemble.fr\/index.php?rest_route=%2Fwp%2Fv2%2Fcategories&post=751"},{"taxonomy":"post_tag","embeddable":true,"href":"https:\/\/villeurbanne-insoumise-ensemble.fr\/index.php?rest_route=%2Fwp%2Fv2%2Ftags&post=751"}],"curies":[{"name":"wp","href":"https:\/\/api.w.org\/{rel}","templated":true}]}}