{"id":741,"date":"2021-09-01T15:13:00","date_gmt":"2021-09-01T13:13:00","guid":{"rendered":"http:\/\/villeurbanne-insoumise-ensemble.fr\/?p=741"},"modified":"2023-11-22T16:08:58","modified_gmt":"2023-11-22T15:08:58","slug":"en-marche-vers-le-renforcement-des-inegalites","status":"publish","type":"post","link":"https:\/\/villeurbanne-insoumise-ensemble.fr\/?p=741","title":{"rendered":"En marche vers le renforcement des in\u00e9galit\u00e9s !"},"content":{"rendered":"\n<p>C\u2019est au moment o\u00f9 la crise sanitaire frappe de nombreux fran\u00e7ais que le Pr\u00e9sident d\u00e9cide de les faire sombrer dans la pauvret\u00e9. Alors que le Conseil d\u2019Etat avait suspendu la r\u00e9forme de l\u2019assurance ch\u00f4mage pour \u00ab incertitudes sur la situation \u00e9conomique \u00bb,\u00a0 le gouvernement voudrait la d\u00e9ployer trois mois plus tard. <\/p>\n\n\n\n<p>Quelle reprise esp\u00e9rer \u00e0 l\u2019heure du passe sanitaire, des possibles suspensions de salaire, de la chute des fr\u00e9quentations, des faillites \u00e0 venir ? Le s\u00e9isme social en cours sera d\u2019autant plus fort sans protection des plus fragiles ! Le ch\u00f4mage partiel a \u00e9t\u00e9 mis en place pour prot\u00e9ger les salari\u00e9s et permettre aux entreprises de maintenir leur activit\u00e9 ; cette r\u00e9forme va \u00e0 l\u2019inverse de tout cela ! Pour preuve : le gouvernement l\u2019a mise entre parenth\u00e8ses d\u00e8s le d\u00e9but de la crise. C\u2019est l\u2019aveu discret de son incapacit\u00e9 \u00e0 endiguer le ch\u00f4mage. Si cette r\u00e9forme permettait r\u00e9ellement de diminuer le nombre de ch\u00f4meurs et de consolider notre \u00e9conomie, pourquoi la retarder ?\u00a0 <\/p>\n\n\n\n<p>Ce sont toujours les plus fragiles qui payent la note. Les calculs de l\u2019Unedic sont sans appel : \u00e0 salaire et p\u00e9riodes travaill\u00e9es \u00e9gaux, les allocations pourront \u00eatre jusqu\u2019\u00e0 pr\u00e8s de cinquante fois moins \u00e9lev\u00e9es pour une personne que pour une autre. Ce nouveau mode de calcul p\u00e9nalisera en premier lieu les plus pr\u00e9caires, qui alternent ch\u00f4mage et CDD. 1,15 million de personnes pourraient subir la baisse de leur allocation, dont 400 000 \u00e0 hauteur de 40% ; en parall\u00e8le, le revenu des 500 plus grandes fortunes fran\u00e7aises a explos\u00e9 de 30%, soit 300 milliards d\u2019euros en un an. Comment l\u00e9gitimer de tels \u00e9carts ?<\/p>\n\n\n\n<p>Cette r\u00e9forme est injuste et injustifi\u00e9e. Dans un march\u00e9 du travail qui propose toujours plus de CDD et moins d\u2019offres d\u2019emploi, les ch\u00f4meurs ne peuvent trouver un CDI. Si le Pr\u00e9sident voulait vraiment p\u00e9naliser le recours au CDD, il modifierait le Code du travail ! Encore une fois, les plus fragiles sont appauvris et les plus riches s\u2019enrichissent. Il devient urgent de r\u00e9\u00e9quilibrer la balance !<\/p>\n","protected":false},"excerpt":{"rendered":"<p>C\u2019est au moment o\u00f9 la crise sanitaire frappe de nombreux fran\u00e7ais que le Pr\u00e9sident d\u00e9cide de les faire sombrer dans la pauvret\u00e9. Alors que le Conseil d\u2019Etat avait suspendu la r\u00e9forme de l\u2019assurance ch\u00f4mage pour \u00ab incertitudes sur la situation \u00e9conomique \u00bb,  le gouvernement voudrait la d\u00e9ployer trois mois plus tard. <\/p>\n","protected":false},"author":1,"featured_media":0,"comment_status":"open","ping_status":"open","sticky":false,"template":"","format":"standard","meta":[],"categories":[19,17],"tags":[77,182],"_links":{"self":[{"href":"https:\/\/villeurbanne-insoumise-ensemble.fr\/index.php?rest_route=\/wp\/v2\/posts\/741"}],"collection":[{"href":"https:\/\/villeurbanne-insoumise-ensemble.fr\/index.php?rest_route=\/wp\/v2\/posts"}],"about":[{"href":"https:\/\/villeurbanne-insoumise-ensemble.fr\/index.php?rest_route=\/wp\/v2\/types\/post"}],"author":[{"embeddable":true,"href":"https:\/\/villeurbanne-insoumise-ensemble.fr\/index.php?rest_route=\/wp\/v2\/users\/1"}],"replies":[{"embeddable":true,"href":"https:\/\/villeurbanne-insoumise-ensemble.fr\/index.php?rest_route=%2Fwp%2Fv2%2Fcomments&post=741"}],"version-history":[{"count":1,"href":"https:\/\/villeurbanne-insoumise-ensemble.fr\/index.php?rest_route=\/wp\/v2\/posts\/741\/revisions"}],"predecessor-version":[{"id":742,"href":"https:\/\/villeurbanne-insoumise-ensemble.fr\/index.php?rest_route=\/wp\/v2\/posts\/741\/revisions\/742"}],"wp:attachment":[{"href":"https:\/\/villeurbanne-insoumise-ensemble.fr\/index.php?rest_route=%2Fwp%2Fv2%2Fmedia&parent=741"}],"wp:term":[{"taxonomy":"category","embeddable":true,"href":"https:\/\/villeurbanne-insoumise-ensemble.fr\/index.php?rest_route=%2Fwp%2Fv2%2Fcategories&post=741"},{"taxonomy":"post_tag","embeddable":true,"href":"https:\/\/villeurbanne-insoumise-ensemble.fr\/index.php?rest_route=%2Fwp%2Fv2%2Ftags&post=741"}],"curies":[{"name":"wp","href":"https:\/\/api.w.org\/{rel}","templated":true}]}}