{"id":74,"date":"2021-02-24T11:15:47","date_gmt":"2021-02-24T10:15:47","guid":{"rendered":"http:\/\/villeurbanne-insoumise-ensemble.fr\/?p=74"},"modified":"2023-11-22T15:40:24","modified_gmt":"2023-11-22T14:40:24","slug":"il-est-temps-de-commencer-laventure-des-droits-culturels","status":"publish","type":"post","link":"https:\/\/villeurbanne-insoumise-ensemble.fr\/?p=74","title":{"rendered":"Il est temps de commencer l&#8217;aventure des droits culturels"},"content":{"rendered":"\n<p><em>Par Laure-Emmanuelle Pradelle<\/em><\/p>\n\n\n\n<figure class=\"wp-block-embed is-type-video is-provider-youtube wp-block-embed-youtube wp-embed-aspect-16-9 wp-has-aspect-ratio\"><div class=\"wp-block-embed__wrapper\">\n<iframe loading=\"lazy\" title=\"Laure Emmanuelle Pradelle - Droits culturels\" width=\"640\" height=\"360\" src=\"https:\/\/www.youtube.com\/embed\/1TCOsGaHTeU?feature=oembed\" frameborder=\"0\" allow=\"accelerometer; autoplay; clipboard-write; encrypted-media; gyroscope; picture-in-picture\" allowfullscreen><\/iframe>\n<\/div><\/figure>\n\n\n\n<p>Villeurbanne a toujours su donner \u00e0 la culture une place tr\u00e8s importante dans son action municipale et sur son territoire : en t\u00e9moignent les \u00e9quipements, les nombreux acteurs culturels, les structures labellis\u00e9es au niveau national. Apr\u00e8s la grande aventure de la d\u00e9centralisation et de la d\u00e9mocratisation de la culture, il est temps maintenant de commencer l&#8217;aventure des droits culturels.<\/p>\n\n\n\n<p>Promouvoir les droits culturels, c&#8217;est donner une nouvelle dimension au mot &#8220;culture&#8221;, mais surtout ! c&#8217;est construire une culture de tous, pour tous et par tous. En 2018, le d\u00e9partement de la Manche mettait en place un projet de d\u00e9veloppement de ces droits ; suivons son exemple, et consid\u00e9rons la culture au-del\u00e0 du loisir et de l&#8217;\u00e9ducation. C&#8217;est le sens de la mission que vous m&#8217;avez confi\u00e9e monsieur le Maire, en lien avec St\u00e9phane Frioux, adjoint \u00e0 la culture. <\/p>\n\n\n\n<p>Pourquoi est-ce que je vous parle de cela ? Parce que l\u2019engagement de Jean Bellorini, directeur du TNP, pour agir au plus pr\u00e8s des habitants et surtout avec eux ! est un signe fort et tr\u00e8s positif qu\u2019il faut souligner et encourager. La direction que promet cette convention entre le TNP et Villeurbanne correspond bien \u00e0 l&#8217;esprit de ces droits culturels. Les droits culturels, ce sont des droits humains fondamentaux, attach\u00e9s aux personnes, qui leur garantissent l&#8217;expression libre de leur identit\u00e9, de leurs pratiques culturelles. La culture ne doit pas \u00eatre enferm\u00e9e dans des espaces clos, qui semblent r\u00e9serv\u00e9s \u00e0 quelques privil\u00e9gi\u00e9s. La culture est pr\u00e9sente partout, car chaque \u00eatre en est porteur. La force du projet du TNP (et il y a aussi \u00e0 Villeurbanne des acteurs moins renomm\u00e9s que le TNP qui sont d\u00e9j\u00e0 dans la d\u00e9fense de ces droits culturels), la force de ces projets est pr\u00e9cis\u00e9ment de r\u00e9v\u00e9ler l&#8217;identit\u00e9 et les pratiques de personnes dont la culture n&#8217;est habituellement pas valoris\u00e9e, pas repr\u00e9sent\u00e9e. Il s\u2019agit d\u2019abolir la domination d&#8217;une culture sur une autre. <\/p>\n\n\n\n<p>Pouvoir faire vivre sa culture, c&#8217;est aussi exister en tant qu&#8217;individu, en tant que membre d&#8217;un groupe social, aupr\u00e8s du reste de la soci\u00e9t\u00e9. Faire conna\u00eetre les cultures, les pratiques, les savoirs-\u00eatre des personnes, c&#8217;est lutter activement contre les discriminations. Bien souvent, le rejet de l&#8217;autre vient de la peur qu&#8217;il nous inspire, et cette peur vient de l&#8217;inconnu, de ce qui est diff\u00e9rent, de ce que l&#8217;on ne comprend pas, de ce que l&#8217;on ne voit pas. Comment expliquer autrement la peur commune qu&#8217;ont les humains de l&#8217;obscurit\u00e9 ? Donner \u00e0 voir les diff\u00e9rences culturelles port\u00e9es par celles et ceux qui les pratiquent, c&#8217;est apporter de la lumi\u00e8re sur elles, sur eux, et c&#8217;est combattre les incompr\u00e9hensions et les pr\u00e9jug\u00e9s.<\/p>\n\n\n\n<p>Sortir de la culture dominante, c&#8217;est aussi permettre la p\u00e9rennit\u00e9 des identit\u00e9s culturelles multiples qui font la richesse de notre ville. Villeurbanne est une petite France, et la France est un petit monde ; notre territoire profite d&#8217;une diversit\u00e9 culturelle : mettons-la en avant ! La culture, ce ne sont pas seulement les Lettres ou les Arts ; c&#8217;est aussi une fa\u00e7on de cuisiner, de parler, de pratiquer un sport, c&#8217;est ce qui nous constitue et cela ne s&#8217;apprend pas forc\u00e9ment \u00e0 l&#8217;\u00e9cole ou dans les salles de spectacle. En faisant participer les artistes et les habitants, au sein m\u00eame de leur lieu de vie, \u00e0 des projets communs, nous pourrons faire vivre toutes les cultures dans notre commune et cr\u00e9er des espaces de compr\u00e9hension entre les citoyens.<\/p>\n","protected":false},"excerpt":{"rendered":"<p>Par Laure-Emmanuelle Pradelle Villeurbanne a toujours su donner \u00e0 la culture une place tr\u00e8s importante dans son action municipale et sur son territoire : en t\u00e9moignent les \u00e9quipements, les nombreux acteurs culturels, les structures labellis\u00e9es au niveau national. Apr\u00e8s la grande aventure de la d\u00e9centralisation et de la d\u00e9mocratisation de la culture, il est temps&#8230;<\/p>\n","protected":false},"author":1,"featured_media":0,"comment_status":"open","ping_status":"open","sticky":false,"template":"","format":"standard","meta":[],"categories":[58,7,10],"tags":[54],"_links":{"self":[{"href":"https:\/\/villeurbanne-insoumise-ensemble.fr\/index.php?rest_route=\/wp\/v2\/posts\/74"}],"collection":[{"href":"https:\/\/villeurbanne-insoumise-ensemble.fr\/index.php?rest_route=\/wp\/v2\/posts"}],"about":[{"href":"https:\/\/villeurbanne-insoumise-ensemble.fr\/index.php?rest_route=\/wp\/v2\/types\/post"}],"author":[{"embeddable":true,"href":"https:\/\/villeurbanne-insoumise-ensemble.fr\/index.php?rest_route=\/wp\/v2\/users\/1"}],"replies":[{"embeddable":true,"href":"https:\/\/villeurbanne-insoumise-ensemble.fr\/index.php?rest_route=%2Fwp%2Fv2%2Fcomments&post=74"}],"version-history":[{"count":2,"href":"https:\/\/villeurbanne-insoumise-ensemble.fr\/index.php?rest_route=\/wp\/v2\/posts\/74\/revisions"}],"predecessor-version":[{"id":709,"href":"https:\/\/villeurbanne-insoumise-ensemble.fr\/index.php?rest_route=\/wp\/v2\/posts\/74\/revisions\/709"}],"wp:attachment":[{"href":"https:\/\/villeurbanne-insoumise-ensemble.fr\/index.php?rest_route=%2Fwp%2Fv2%2Fmedia&parent=74"}],"wp:term":[{"taxonomy":"category","embeddable":true,"href":"https:\/\/villeurbanne-insoumise-ensemble.fr\/index.php?rest_route=%2Fwp%2Fv2%2Fcategories&post=74"},{"taxonomy":"post_tag","embeddable":true,"href":"https:\/\/villeurbanne-insoumise-ensemble.fr\/index.php?rest_route=%2Fwp%2Fv2%2Ftags&post=74"}],"curies":[{"name":"wp","href":"https:\/\/api.w.org\/{rel}","templated":true}]}}