{"id":739,"date":"2021-10-01T15:09:00","date_gmt":"2021-10-01T13:09:00","guid":{"rendered":"http:\/\/villeurbanne-insoumise-ensemble.fr\/?p=739"},"modified":"2023-11-22T16:09:51","modified_gmt":"2023-11-22T15:09:51","slug":"quest-ce-quaccueillir-a-villeurbanne","status":"publish","type":"post","link":"https:\/\/villeurbanne-insoumise-ensemble.fr\/?p=739","title":{"rendered":"Qu&#8217;est-ce qu&#8217;accueillir \u00e0 Villeurbanne ?"},"content":{"rendered":"\n<p>Ce mois-ci, Villeurbanne participera \u00e0 la semaine de l&#8217;hospitalit\u00e9 du 15 au 24 octobre. La ville est engag\u00e9e de longue date dans le processus d&#8217;accueil, comme en t\u00e9moigne le jury citoyen \u00ab Accueillir \u00e0 Villeurbanne \u00bb auquel a particip\u00e9 Aurore Gorriquer en 2018.<\/p>\n\n\n\n<p>Mais comment cr\u00e9er une v\u00e9ritable hospitalit\u00e9 dans un contexte national et international complexe et teint\u00e9 de racisme? Quels enjeux d&#8217;\u00e9galit\u00e9 sont soulev\u00e9s?<\/p>\n\n\n\n<p>La crise en Afghanistan prouve que les questions d&#8217;hospitalit\u00e9 sont en lien \u00e9troit avec la g\u00e9opolitique. Quel est notre r\u00f4le en tant que pays riche ? Il est de notre devoir de respecter chaque vie humaine, et de soutenir chaque exil\u00e9\u00b7e venant sur notre territoire, qu&#8217;il ou elle soit de passage, ou d\u00e9sireux\u00b7se de s&#8217;installer. Et si nous appliquions le <em>patchounwali<\/em>, ce code fond\u00e9 sur l&#8217;obligation de courage, d&#8217;honneur, de solidarit\u00e9 et d&#8217;hospitalit\u00e9, transmis par voie orale d&#8217;une g\u00e9n\u00e9ration \u00e0 l&#8217;autre en Afghanistan?<\/p>\n\n\n\n<p>Cette hospitalit\u00e9 est une grande source de richesse pour notre ville et notre pays, et pourrait l\u2019\u00eatre encore d\u2019avantage : il faut am\u00e9liorer la participation des personnes exil\u00e9es \u00e0 l\u2019animation de la soci\u00e9t\u00e9, \u00e0 la d\u00e9mocratie. Elles vivent chaque jour \u00e0 nos c\u00f4t\u00e9s, travaillent et participent \u00e0 la vie locale. Il est temps de leur reconna\u00eetre une voie au chapitre dans nos d\u00e9cisions collectives.&nbsp;<\/p>\n\n\n\n<p>Le climat naus\u00e9abond de racisme actuel, qui d\u00e9complexe les paroles les plus haineuses, va en s&#8217;amplifiant chaque ann\u00e9e. Il est temps de s&#8217;y opposer collectivement avec fermet\u00e9, de combattre ces id\u00e9es, et de cr\u00e9er ensemble un partage humain, culturel, source de d\u00e9bats et d&#8217;intelligence collective. Notre hospitalit\u00e9 ne doit pas \u00eatre entrav\u00e9e par les discriminations ethno-raciales. Chaque personne vaut autant que nous-m\u00eame et nos proches ; nous sommes toutes et tous les enfants, les fr\u00e8res et s\u0153urs, les parents, les ami\u00b7e\u00b7s de quelqu&#8217;un. Cette \u00e9galit\u00e9 est primordiale. Il en va de notre point commun \u00e0 toutes et tous : notre humanit\u00e9.<\/p>\n","protected":false},"excerpt":{"rendered":"<p>Ce mois-ci, Villeurbanne participera \u00e0 la semaine de l&#8217;hospitalit\u00e9 du 15 au 24 octobre. La ville est engag\u00e9e de longue date dans le processus d&#8217;accueil, comme en t\u00e9moigne le jury citoyen \u00ab Accueillir \u00e0 Villeurbanne \u00bb auquel a particip\u00e9 Aurore Gorriquer en 2018.<\/p>\n","protected":false},"author":1,"featured_media":0,"comment_status":"open","ping_status":"open","sticky":false,"template":"","format":"standard","meta":[],"categories":[19,17],"tags":[76,188,180],"_links":{"self":[{"href":"https:\/\/villeurbanne-insoumise-ensemble.fr\/index.php?rest_route=\/wp\/v2\/posts\/739"}],"collection":[{"href":"https:\/\/villeurbanne-insoumise-ensemble.fr\/index.php?rest_route=\/wp\/v2\/posts"}],"about":[{"href":"https:\/\/villeurbanne-insoumise-ensemble.fr\/index.php?rest_route=\/wp\/v2\/types\/post"}],"author":[{"embeddable":true,"href":"https:\/\/villeurbanne-insoumise-ensemble.fr\/index.php?rest_route=\/wp\/v2\/users\/1"}],"replies":[{"embeddable":true,"href":"https:\/\/villeurbanne-insoumise-ensemble.fr\/index.php?rest_route=%2Fwp%2Fv2%2Fcomments&post=739"}],"version-history":[{"count":1,"href":"https:\/\/villeurbanne-insoumise-ensemble.fr\/index.php?rest_route=\/wp\/v2\/posts\/739\/revisions"}],"predecessor-version":[{"id":740,"href":"https:\/\/villeurbanne-insoumise-ensemble.fr\/index.php?rest_route=\/wp\/v2\/posts\/739\/revisions\/740"}],"wp:attachment":[{"href":"https:\/\/villeurbanne-insoumise-ensemble.fr\/index.php?rest_route=%2Fwp%2Fv2%2Fmedia&parent=739"}],"wp:term":[{"taxonomy":"category","embeddable":true,"href":"https:\/\/villeurbanne-insoumise-ensemble.fr\/index.php?rest_route=%2Fwp%2Fv2%2Fcategories&post=739"},{"taxonomy":"post_tag","embeddable":true,"href":"https:\/\/villeurbanne-insoumise-ensemble.fr\/index.php?rest_route=%2Fwp%2Fv2%2Ftags&post=739"}],"curies":[{"name":"wp","href":"https:\/\/api.w.org\/{rel}","templated":true}]}}