{"id":72,"date":"2021-02-24T11:10:43","date_gmt":"2021-02-24T10:10:43","guid":{"rendered":"http:\/\/villeurbanne-insoumise-ensemble.fr\/?p=72"},"modified":"2023-11-22T15:40:13","modified_gmt":"2023-11-22T14:40:13","slug":"nous-sommes-opposes-au-travail-le-dimanche","status":"publish","type":"post","link":"https:\/\/villeurbanne-insoumise-ensemble.fr\/?p=72","title":{"rendered":"Nous sommes oppos\u00e9s au travail le dimanche !"},"content":{"rendered":"\n<p><em>Par Julien Ravello<\/em><\/p>\n\n\n\n<figure class=\"wp-block-embed is-type-video is-provider-youtube wp-block-embed-youtube wp-embed-aspect-16-9 wp-has-aspect-ratio\"><div class=\"wp-block-embed__wrapper\">\n<iframe loading=\"lazy\" title=\"Julien Ravello - Travail du dimanche\" width=\"640\" height=\"360\" src=\"https:\/\/www.youtube.com\/embed\/AGAF0Vru0ew?feature=oembed\" frameborder=\"0\" allow=\"accelerometer; autoplay; clipboard-write; encrypted-media; gyroscope; picture-in-picture\" allowfullscreen><\/iframe>\n<\/div><\/figure>\n\n\n\n<p>Vu la magnifique repr\u00e9sentation de l\u2019organiste au d\u00e9marrage de ce conseil municipal, je ne vais pas vous faire l\u2019offense de chanter. Mais en1972, Claude Fran\u00e7ois chantait &#8220;le lundi au soleil&#8221; et la dure reprise du travail, au lendemain du seul jour de repos obligatoire de la semaine. En 2021, devrons-nous vous chanter &#8220;le dimanche au soleil&#8221; ? <\/p>\n\n\n\n<p>Nous sommes oppos\u00e9s au travail le dimanche et je vais vous en expliquer les raisons. Ceci dit et avant cela, je tiens tout de m\u00eame \u00e0 dire que nous soutenons les petits commer\u00e7ants, restaurateurs, artisans qui subissent les cons\u00e9quences de la crise sanitaire en ce moment. Mais nous pensons que d&#8217;autres mesures d&#8217;aides seraient plus efficaces.<\/p>\n\n\n\n<p>Depuis le d\u00e9but des ann\u00e9es 2000, les gouvernements successifs n&#8217;ont fait que lib\u00e9raliser toujours plus l&#8217;\u00e9conomie et d\u00e9r\u00e9guler les temps de la vie. Le dernier recul en date est un arr\u00eat\u00e9 publi\u00e9 par Mme l&#8217;ex-ministre P\u00e9nicaud en avril 2020 qui, prenant comme justification la crise sanitaire actuelle, a autoris\u00e9 les entreprises de logistique \u00e0 faire travailler leurs salari\u00e9s le dimanche. Mais la loi qui nous int\u00e9resse ce soir est celle port\u00e9e par M. Macron en 2015 autorisant les maires \u00e0 permettre l&#8217;ouverture de certains commerces et ce jusqu&#8217;\u00e0 12 dimanches dans l&#8217;ann\u00e9e. Pour un salari\u00e9, que signifie concr\u00e8tement travailler un dimanche sur 4 ? La confusion est de plus en plus grande entre les p\u00e9riodes de travail, de consommation, de repos, les moments o\u00f9 l&#8217;on voit sa famille, ses amis -o\u00f9 l&#8217;on prend le temps de vivre. Une \u00e9tude de l&#8217;INSEE pointait d&#8217;ailleurs la perte de sociabilit\u00e9 et posait la question des autres effets \u00e0 plus long terme du travail dominical, avec de possibles cons\u00e9quences sur le lien familial pour les personnes travaillant le dimanche.<\/p>\n\n\n\n<p>L&#8217;ouverture le dimanche doit rester exceptionnelle, et li\u00e9e \u00e0 des prises en charge urgentes ou vitales. Les \u00eatres humains ne sont pas des <em>homo economicus<\/em> ; nous aspirons \u00e0 autre chose qu&#8217;\u00e0 la consommation outranci\u00e8re. Les liens sociaux cr\u00e9\u00e9s durant les temps de repos sont bien plus pr\u00e9cieux que tous les kilos de v\u00eatements qui pourraient \u00eatre achet\u00e9s le dimanche, le plus fr\u00e9quemment dans des grandes enseignes qui, en plus, pratiquent souvent l&#8217;\u00e9vasion fiscale. Enfin, j&#8217;ajoute que pour les 10 millions de fran\u00e7ais en situation de pauvret\u00e9, le souci n&#8217;est pas de savoir s&#8217;ils pourront faire du shopping le dimanche !<\/p>\n\n\n\n<p>Par ailleurs, le travail du dimanche est la plupart du temps contraint pour les salari\u00e9\u00b7es, contrairement \u00e0 ce que j\u2019ai pu entendre juste avant. Le rapport de force entre employeur et travailleurs est toujours en d\u00e9faveur de ces derniers, qui craignent d&#8217;\u00eatre mal vus de leur patron s&#8217;ils refusent le travail dominical. Les faibles salaires des personnels, qui sont souvent des femmes, les poussent \u00e0 accepter un suppl\u00e9ment de revenu au d\u00e9triment de leur vie personnelle. Et sans que ce ne soit profitable pour les commerces ! Car ceux qui ach\u00e8tent le dimanche sont les m\u00eames consommateurs que ceux du samedi ou du mercredi, et ne re\u00e7oivent pas de ch\u00e8que miraculeux pour consommer un peu plus le dimanche. Non; ces consommateurs se contentent de lisser leurs achats sur la semaine, ce qui ne change pas vraiment le chiffre d&#8217;affaire final du magasin dans lequel ils auront fait leurs emplettes.<\/p>\n\n\n\n<p>Apr\u00e8s Claude Fran\u00e7ois, un autre Fran\u00e7ois pour terminer, Ruffin cette fois-ci, qui disait : &#8220;Le bonheur n&#8217;est plus dans les biens, mais dans les liens !&#8221; Pour toutes ces raisons le groupe Villeurbanne Insoumise Ensemble ! votera contre cette d\u00e9lib\u00e9ration.<\/p>\n","protected":false},"excerpt":{"rendered":"<p>Par Julien Ravello Vu la magnifique repr\u00e9sentation de l\u2019organiste au d\u00e9marrage de ce conseil municipal, je ne vais pas vous faire l\u2019offense de chanter. Mais en1972, Claude Fran\u00e7ois chantait &#8220;le lundi au soleil&#8221; et la dure reprise du travail, au lendemain du seul jour de repos obligatoire de la semaine. En 2021, devrons-nous vous chanter&#8230;<\/p>\n","protected":false},"author":1,"featured_media":0,"comment_status":"open","ping_status":"open","sticky":false,"template":"","format":"standard","meta":[],"categories":[58,7,10],"tags":[182],"_links":{"self":[{"href":"https:\/\/villeurbanne-insoumise-ensemble.fr\/index.php?rest_route=\/wp\/v2\/posts\/72"}],"collection":[{"href":"https:\/\/villeurbanne-insoumise-ensemble.fr\/index.php?rest_route=\/wp\/v2\/posts"}],"about":[{"href":"https:\/\/villeurbanne-insoumise-ensemble.fr\/index.php?rest_route=\/wp\/v2\/types\/post"}],"author":[{"embeddable":true,"href":"https:\/\/villeurbanne-insoumise-ensemble.fr\/index.php?rest_route=\/wp\/v2\/users\/1"}],"replies":[{"embeddable":true,"href":"https:\/\/villeurbanne-insoumise-ensemble.fr\/index.php?rest_route=%2Fwp%2Fv2%2Fcomments&post=72"}],"version-history":[{"count":3,"href":"https:\/\/villeurbanne-insoumise-ensemble.fr\/index.php?rest_route=\/wp\/v2\/posts\/72\/revisions"}],"predecessor-version":[{"id":708,"href":"https:\/\/villeurbanne-insoumise-ensemble.fr\/index.php?rest_route=\/wp\/v2\/posts\/72\/revisions\/708"}],"wp:attachment":[{"href":"https:\/\/villeurbanne-insoumise-ensemble.fr\/index.php?rest_route=%2Fwp%2Fv2%2Fmedia&parent=72"}],"wp:term":[{"taxonomy":"category","embeddable":true,"href":"https:\/\/villeurbanne-insoumise-ensemble.fr\/index.php?rest_route=%2Fwp%2Fv2%2Fcategories&post=72"},{"taxonomy":"post_tag","embeddable":true,"href":"https:\/\/villeurbanne-insoumise-ensemble.fr\/index.php?rest_route=%2Fwp%2Fv2%2Ftags&post=72"}],"curies":[{"name":"wp","href":"https:\/\/api.w.org\/{rel}","templated":true}]}}