{"id":70,"date":"2021-02-24T11:06:45","date_gmt":"2021-02-24T10:06:45","guid":{"rendered":"http:\/\/villeurbanne-insoumise-ensemble.fr\/?p=70"},"modified":"2023-11-22T15:40:02","modified_gmt":"2023-11-22T14:40:02","slug":"mais-nous-sommes-pour-une-gestion-publique","status":"publish","type":"post","link":"https:\/\/villeurbanne-insoumise-ensemble.fr\/?p=70","title":{"rendered":"Nous sommes pour une gestion publique !"},"content":{"rendered":"\n<p><em>Par Ga\u00ebtan Constant<\/em><\/p>\n\n\n\n<figure class=\"wp-block-embed is-type-video is-provider-youtube wp-block-embed-youtube wp-embed-aspect-16-9 wp-has-aspect-ratio\"><div class=\"wp-block-embed__wrapper\">\n<iframe loading=\"lazy\" title=\"Ga\u00ebtan Constant - D\u00e9l\u00e9gation de service public\" width=\"640\" height=\"360\" src=\"https:\/\/www.youtube.com\/embed\/aiVmAsP5M5Q?feature=oembed\" frameborder=\"0\" allow=\"accelerometer; autoplay; clipboard-write; encrypted-media; gyroscope; picture-in-picture\" allowfullscreen><\/iframe>\n<\/div><\/figure>\n\n\n\n<p>Pour introduire mon intervention sur la cr\u00e8che Jean-Jacques Rousseau, laissez-moi vous parler des enfants, et surtout d&#8217;un enfant en particulier : le petit Ga\u00ebtan Constant, 14 ans, \u00e9l\u00e8ve au coll\u00e8ge Maurice Utrillo, \u00e0 Limas (alors, Limas dans le beaujolais, pas au P\u00e9rou), et pas aussi s\u00e9rieux qu&#8217;aujourd&#8217;hui. Il se trouve que cet enfant aimait beaucoup rire (bon, \u00e7a, \u00e7a a pas trop chang\u00e9) et que, comme beaucoup de jeunes de son \u00e2ge, il s&#8217;amusait parfois en exp\u00e9rimentant. Malheureusement, tout \u00e7a tournait parfois au vinaigre, et je ne m&#8217;\u00e9tendrai pas sur la r\u00e9action de son p\u00e8re la fois o\u00f9 il l&#8217;a surpris en train de sonner \u00e0 toutes les portes du quartier alors qu&#8217;il rentrait du coll\u00e8ge &#8211; je pense que vous pouvez la deviner par vous-m\u00eame !<\/p>\n\n\n\n<p>Les enfants aiment bien faire des b\u00eatises. Ou, plut\u00f4t, les enfants connaissent mal leur environnement, connaissent mal leurs limites et celles de leur entourage, et leurs exp\u00e9riences ne sont pas toujours concluantes. Mais, et c&#8217;est l\u00e0 o\u00f9 le b\u00e2t blesse, les exp\u00e9rimentations des adultes non plus ne sont pas toujours convaincantes.<\/p>\n\n\n\n<p>Et c&#8217;est bien cela dont il est question pour cette d\u00e9l\u00e9gation de service public : une exp\u00e9rimentation, sur laquelle il nous faudra bient\u00f4t nous prononcer pour savoir si elle est pertinente ou non, si nous voulons la renouveler ou non. Mais comment pourrons-nous fonder notre d\u00e9cision ? Sur quels crit\u00e8res ? La gestion et l&#8217;animation de la cr\u00e8che ont \u00e9t\u00e9 d\u00e9l\u00e9gu\u00e9es \u00e0 une entreprise priv\u00e9e parce que la ville n&#8217;arrivait pas \u00e0 recruter suffisamment d&#8217;encadrants dipl\u00f4m\u00e9s. Nous avons lu avec attention le rapport du d\u00e9l\u00e9gataire, et constat\u00e9 avec vous que la soci\u00e9t\u00e9 qui g\u00e8re la cr\u00e8che butte sur les m\u00eames obstacles que le secteur public. Elle a du mal \u00e0 recruter des personnels qualifi\u00e9s. D&#8217;ailleurs, le taux de remplissage de la cr\u00e8che est \u00e9quivalent \u00e0 celui des cr\u00e8ches municipales \u00e9galement. <\/p>\n\n\n\n<p>Il ne reste donc plus qu&#8217;un seul crit\u00e8re pour justifier cette d\u00e9l\u00e9gation de service public : les co\u00fbts de charge de fonctionnement ne sont pas support\u00e9s par la mairie. C&#8217;est le secteur priv\u00e9 qui s&#8217;en charge. Mais est-ce un crit\u00e8re suffisant pour maintenir la gestion d&#8217;un service public par le priv\u00e9 ? Secteur priv\u00e9 qui, au demeurant, peut tirer des b\u00e9n\u00e9fices de cette exploitation.<\/p>\n\n\n\n<p>Nous sommes contre le fait que du profit puisse \u00eatre fait parle secteur priv\u00e9 avec l&#8217;argent des familles. Nous sommes contre le fait d&#8217;assumer politiquement que la force publique ne peut pas offrir un service de qualit\u00e9 pour ses habitantes et habitants. Mais nous sommes pour une gestion publique, o\u00f9 le moindre euro en trop vers\u00e9 sera r\u00e9investi pour am\u00e9liorer la qualit\u00e9 du service public rendu aux villeurbannaises et villeurbannais. Nous sommes pour les biens communs, nous sommes pour les services publics de qualit\u00e9. Le groupe VIE! votera pour cette d\u00e9lib\u00e9ration car elle ne concerne que le fait de valider la pr\u00e9sentation du bilan du d\u00e9l\u00e9gataire. Mais vous l&#8217;aurez compris nous esp\u00e9rons qu&#8217;il sera possible de discuter plus profond\u00e9ment de tout cela dans les prochains mois.<\/p>\n","protected":false},"excerpt":{"rendered":"<p>Par Ga\u00ebtan Constant Pour introduire mon intervention sur la cr\u00e8che Jean-Jacques Rousseau, laissez-moi vous parler des enfants, et surtout d&#8217;un enfant en particulier : le petit Ga\u00ebtan Constant, 14 ans, \u00e9l\u00e8ve au coll\u00e8ge Maurice Utrillo, \u00e0 Limas (alors, Limas dans le beaujolais, pas au P\u00e9rou), et pas aussi s\u00e9rieux qu&#8217;aujourd&#8217;hui. Il se trouve que cet&#8230;<\/p>\n","protected":false},"author":1,"featured_media":0,"comment_status":"open","ping_status":"open","sticky":false,"template":"","format":"standard","meta":[],"categories":[58,7,10],"tags":[46,44,43],"_links":{"self":[{"href":"https:\/\/villeurbanne-insoumise-ensemble.fr\/index.php?rest_route=\/wp\/v2\/posts\/70"}],"collection":[{"href":"https:\/\/villeurbanne-insoumise-ensemble.fr\/index.php?rest_route=\/wp\/v2\/posts"}],"about":[{"href":"https:\/\/villeurbanne-insoumise-ensemble.fr\/index.php?rest_route=\/wp\/v2\/types\/post"}],"author":[{"embeddable":true,"href":"https:\/\/villeurbanne-insoumise-ensemble.fr\/index.php?rest_route=\/wp\/v2\/users\/1"}],"replies":[{"embeddable":true,"href":"https:\/\/villeurbanne-insoumise-ensemble.fr\/index.php?rest_route=%2Fwp%2Fv2%2Fcomments&post=70"}],"version-history":[{"count":3,"href":"https:\/\/villeurbanne-insoumise-ensemble.fr\/index.php?rest_route=\/wp\/v2\/posts\/70\/revisions"}],"predecessor-version":[{"id":707,"href":"https:\/\/villeurbanne-insoumise-ensemble.fr\/index.php?rest_route=\/wp\/v2\/posts\/70\/revisions\/707"}],"wp:attachment":[{"href":"https:\/\/villeurbanne-insoumise-ensemble.fr\/index.php?rest_route=%2Fwp%2Fv2%2Fmedia&parent=70"}],"wp:term":[{"taxonomy":"category","embeddable":true,"href":"https:\/\/villeurbanne-insoumise-ensemble.fr\/index.php?rest_route=%2Fwp%2Fv2%2Fcategories&post=70"},{"taxonomy":"post_tag","embeddable":true,"href":"https:\/\/villeurbanne-insoumise-ensemble.fr\/index.php?rest_route=%2Fwp%2Fv2%2Ftags&post=70"}],"curies":[{"name":"wp","href":"https:\/\/api.w.org\/{rel}","templated":true}]}}