{"id":68,"date":"2021-02-24T10:50:54","date_gmt":"2021-02-24T09:50:54","guid":{"rendered":"http:\/\/villeurbanne-insoumise-ensemble.fr\/?p=68"},"modified":"2023-11-22T15:41:50","modified_gmt":"2023-11-22T14:41:50","slug":"la-mission-eminente-des-polices-est-la-production-de-confiance-et-de-cohesion-sociale","status":"publish","type":"post","link":"https:\/\/villeurbanne-insoumise-ensemble.fr\/?p=68","title":{"rendered":"La mission \u00e9minente des polices est la production de confiance et de coh\u00e9sion sociale"},"content":{"rendered":"\n<p><em>Par Danielle Carasco<\/em><\/p>\n\n\n\n<figure class=\"wp-block-embed is-type-video is-provider-youtube wp-block-embed-youtube wp-embed-aspect-16-9 wp-has-aspect-ratio\"><div class=\"wp-block-embed__wrapper\">\n<iframe loading=\"lazy\" title=\"Danielle Crasco - Revalorisation salaires agents de police\" width=\"640\" height=\"360\" src=\"https:\/\/www.youtube.com\/embed\/xUaIJqnC7K8?feature=oembed\" frameborder=\"0\" allow=\"accelerometer; autoplay; clipboard-write; encrypted-media; gyroscope; picture-in-picture\" allowfullscreen><\/iframe>\n<\/div><\/figure>\n\n\n\n<p>Je voudrais d\u2019abord d\u00e9clarer avec mon groupe le caract\u00e8re salutaire de la revalorisation du r\u00e9gime indemnitaire de la police municipale. Elle permet de payer les fonctionnaires de police municipale au mieux, comme nous voulons le faire pour tous les autres fonctionnaires de notre mairie. Il \u00e9tait temps.<\/p>\n\n\n\n<p>Cette mesure permet un alignement de la r\u00e9mun\u00e9ration de nos policiers avec les autres communes de la m\u00e9tropole, elle est un atout pour aider nos fonctionnaires \u00e0 rester au sein de la commune, ainsi que pour les recrutements que nous allons lancer. En effet, il faut rappeler que ce m\u00e9tier est le quatri\u00e8me le plus en tension de la fonction publique territoriale, avec la d\u00e9saffection du concours et un turn-over tr\u00e8s important dans les 3 ans suivant le recrutement.<\/p>\n\n\n\n<p>Le passage d&#8217;un effectif de 50 (actuellement 34 si je ne me trompe pas) \u00e0 75 agents \u00e0 la fin du mandat que nous allons accomplir \u00e0 Villeurbanne aura des effets b\u00e9n\u00e9fiques en termes de qualit\u00e9 de service public rendu \u00e0 la population et de s\u00e9curit\u00e9. Il permettra une plus grande proximit\u00e9 avec les habitants et les habitantes, et une charge de travail mieux r\u00e9partie entre les agents et agentes de police municipale, notamment pour l\u2019ex\u00e9cution de la mission tranquillit\u00e9. Nous nous en r\u00e9jouissons ! Et cela d\u2019autant plus que les effectifs de police nationale sont r\u00e9duits sur notre territoire, notamment pour assurer leurs deux missions de s\u00e9curit\u00e9 publique et de pr\u00e9vention.<\/p>\n\n\n\n<p>J\u2019en profite pour souligner qu\u2019en compl\u00e9ment des missions de police, nous souhaiterions un renfort des \u00e9ducateurs de pr\u00e9vention, pour humaniser les relations, soutenir les habitants et habitantes, leur donner des perspectives et cr\u00e9er de l&#8217;espoir dans les quartiers. <\/p>\n\n\n\n<p>Et de fil en aiguille, notre regard se tourne vers tous les agents de notre collectivit\u00e9 territoriale, toujours en premi\u00e8re ligne, qui assurent vaillamment leurs missions de soin, d&#8217;animation, d&#8217;accueil, co\u00fbte que co\u00fbte. La liste est longue des m\u00e9tiers concern\u00e9s, des EHPADs aux \u00e9coles, des guichets de mairie au CCAS, du nettoyage des parcs \u00e0 l&#8217;entretien du b\u00e2ti&#8230; Au-del\u00e0 des am\u00e9liorations que nous allons apporter \u00e0 leurs conditions de travail pour l\u2019ann\u00e9e 2021, il nous faudra rester attentifs \u00e0 leurs demandes et \u00e0 leurs besoins pendant toute la dur\u00e9e de notre mandat.<\/p>\n\n\n\n<p>Je ne peux pas terminer cette intervention sans prendre un peu de recul, et \u00e9voquer rapidement la situation de la police en France. La loi s\u00e9curit\u00e9 globale, \u00e0 laquelle nous sommes fermement oppos\u00e9s, a \u00e9t\u00e9 vot\u00e9e en premi\u00e8re lecture. Elle comporte des chapitres relatifs \u00e0 la police municipale, nous en avons pris connaissance, ils marquent une \u00e9tape suppl\u00e9mentaire du d\u00e9sengagement de l&#8217;\u00c9tat dans la sous-traitance d&#8217;activit\u00e9s r\u00e9galiennes aux collectivit\u00e9s locales et aux entreprises de s\u00e9curit\u00e9 priv\u00e9es. Et quelques nouvelles pr\u00e9rogatives nous inqui\u00e8tent (utilisation des drones, port de cam\u00e9ras pi\u00e9tons sont deux exemples).<\/p>\n\n\n\n<p>Nous affirmons que la mission \u00e9minente des polices est de produire de la confiance et de contribuer \u00e0 la coh\u00e9sion sociale, nous en reparlerons.<\/p>\n","protected":false},"excerpt":{"rendered":"<p>Par Danielle Carasco Je voudrais d\u2019abord d\u00e9clarer avec mon groupe le caract\u00e8re salutaire de la revalorisation du r\u00e9gime indemnitaire de la police municipale. Elle permet de payer les fonctionnaires de police municipale au mieux, comme nous voulons le faire pour tous les autres fonctionnaires de notre mairie. Il \u00e9tait temps. Cette mesure permet un alignement&#8230;<\/p>\n","protected":false},"author":1,"featured_media":0,"comment_status":"open","ping_status":"open","sticky":false,"template":"","format":"standard","meta":[],"categories":[58,7,10],"tags":[43,184],"_links":{"self":[{"href":"https:\/\/villeurbanne-insoumise-ensemble.fr\/index.php?rest_route=\/wp\/v2\/posts\/68"}],"collection":[{"href":"https:\/\/villeurbanne-insoumise-ensemble.fr\/index.php?rest_route=\/wp\/v2\/posts"}],"about":[{"href":"https:\/\/villeurbanne-insoumise-ensemble.fr\/index.php?rest_route=\/wp\/v2\/types\/post"}],"author":[{"embeddable":true,"href":"https:\/\/villeurbanne-insoumise-ensemble.fr\/index.php?rest_route=\/wp\/v2\/users\/1"}],"replies":[{"embeddable":true,"href":"https:\/\/villeurbanne-insoumise-ensemble.fr\/index.php?rest_route=%2Fwp%2Fv2%2Fcomments&post=68"}],"version-history":[{"count":2,"href":"https:\/\/villeurbanne-insoumise-ensemble.fr\/index.php?rest_route=\/wp\/v2\/posts\/68\/revisions"}],"predecessor-version":[{"id":706,"href":"https:\/\/villeurbanne-insoumise-ensemble.fr\/index.php?rest_route=\/wp\/v2\/posts\/68\/revisions\/706"}],"wp:attachment":[{"href":"https:\/\/villeurbanne-insoumise-ensemble.fr\/index.php?rest_route=%2Fwp%2Fv2%2Fmedia&parent=68"}],"wp:term":[{"taxonomy":"category","embeddable":true,"href":"https:\/\/villeurbanne-insoumise-ensemble.fr\/index.php?rest_route=%2Fwp%2Fv2%2Fcategories&post=68"},{"taxonomy":"post_tag","embeddable":true,"href":"https:\/\/villeurbanne-insoumise-ensemble.fr\/index.php?rest_route=%2Fwp%2Fv2%2Ftags&post=68"}],"curies":[{"name":"wp","href":"https:\/\/api.w.org\/{rel}","templated":true}]}}