{"id":66,"date":"2021-02-24T10:45:14","date_gmt":"2021-02-24T09:45:14","guid":{"rendered":"http:\/\/villeurbanne-insoumise-ensemble.fr\/?p=66"},"modified":"2023-11-22T15:37:58","modified_gmt":"2023-11-22T14:37:58","slug":"la-formation-des-citoyen%c2%b7nes-est-primordiale-pour-faire-vivre-la-democratie","status":"publish","type":"post","link":"https:\/\/villeurbanne-insoumise-ensemble.fr\/?p=66","title":{"rendered":"La formation des citoyen\u00b7nes est primordiale pour faire vivre la d\u00e9mocratie !"},"content":{"rendered":"\n<p><em>Par Aurore Gorriquer<\/em><\/p>\n\n\n\n<figure class=\"wp-block-embed is-type-video is-provider-youtube wp-block-embed-youtube wp-embed-aspect-16-9 wp-has-aspect-ratio\"><div class=\"wp-block-embed__wrapper\">\n<iframe loading=\"lazy\" title=\"Aurore Gorriquer - Faire vivre la d\u00e9mocratie participative\" width=\"640\" height=\"360\" src=\"https:\/\/www.youtube.com\/embed\/oQXOKjQNSTg?feature=oembed\" frameborder=\"0\" allow=\"accelerometer; autoplay; clipboard-write; encrypted-media; gyroscope; picture-in-picture\" allowfullscreen><\/iframe>\n<\/div><\/figure>\n\n\n\n<p>Avant d\u2019\u00eatre \u00e9lue, je suis une citoyenne Villeurbannaise, une aidante avec un niveau d&#8217;\u00e9tude Bac,qui a eu la chance de participer au Jury Citoyen sur l&#8217;accueil des migrants et la ville hospitali\u00e8re. Si je suis ici avec vous aujourd&#8217;hui, c&#8217;est gr\u00e2ce au hasard qui m&#8217;a fait tomber sur le questionnaire de participation au Jury citoyen. C&#8217;\u00e9tait ma premi\u00e8re exp\u00e9rience de d\u00e9mocratie participative. Au d\u00e9but, je n\u2019avais aucune comp\u00e9tence sur le sujet de l\u2019accueil,ni sur les m\u00e9thodes de participation d\u00e9mocratiques. Mais gr\u00e2ce au d\u00e9vouement des accompagnantes du CCO et aux nombreuses rencontres telles que la g\u00e9ographe Cristina del Biaggio avec qui nous avons parl\u00e9 du traitement m\u00e9diatique des questions migratoires et ses cons\u00e9quences sur l&#8217;opinion publique, Claire Rodier juriste et pr\u00e9sidente du Groupe d\u2019information et de soutien des immigr\u00e9s,ou encore l&#8217;\u00e9crivain Velibor Colic, arriv\u00e9 de Bosnie en 1992, qui est venu partager son exp\u00e9rience de migrant, le Jury citoyen a pu \u00e9mettre des propositions qui prenaient en compte les projets d\u00e9j\u00e0 existants et qui soient les plus r\u00e9alisables possibles.<\/p>\n\n\n\n<p>Mais, surtout, cette exp\u00e9rience, parce qu&#8217;elle mettait tous les participants et participantes sur un m\u00eame pied d&#8217;\u00e9galit\u00e9, m&#8217;a donn\u00e9 confiance en moi, m&#8217;a donn\u00e9 confiance dans mes capacit\u00e9s. Je l&#8217;ai v\u00e9cu : la formation des citoyens et des citoyennes est primordiale pour faire vivre la d\u00e9mocratie. Tout le monde a droit \u00e0 la parole. S\u2019il n&#8217;y avait pas eu le Jury citoyen, je ne me serais pas senti l\u00e9gitime en politique et je n&#8217;aurais pas toqu\u00e9 \u00e0 la porte de Villeurbanne Insoumise. Cette exp\u00e9rience m&#8217;a fait me sentir plus l\u00e9gitime pour me documenter, pour r\u00e9fl\u00e9chir et pour proposer des solutions sur des sujets que je pensais complexe et r\u00e9serv\u00e9s \u00e0 une \u00e9lite politique, comme aujourd&#8217;hui sur la d\u00e9mocratie.<\/p>\n\n\n\n<p>J&#8217;en arrive \u00e0 la Maison du citoyen. Par l\u2019information et les formations propos\u00e9es aux habitants et habitantes, par l\u2019apprentissage de la citoyennet\u00e9, elle r\u00e9pond \u00e0 un enjeu fort du mandat,qui est de faire vivre la d\u00e9mocratie en soutenant les initiatives citoyennes. Tout le monde peut y aller : majeurs, mineurs, fran\u00e7ais, \u00e9trangers, pour se former \u00e0 la participation populaire, pour faire du b\u00e9n\u00e9volat ou tout simplement, pour discuter et avoir des \u00e9changes sociaux. Je me r\u00e9jouis de voter avec mon groupe ce rapport. Cette Maison du citoyen est l&#8217;un des moyens que nous avons pour que tous les habitants et habitantes de Villeurbanne puissent participer plus directement \u00e0 la d\u00e9mocratie locale, et nous attendons avec impatience de voir \u00e9clore tous nos projets pour plus de d\u00e9mocratie directe et participative, comme l\u2019assembl\u00e9e citoyenne. On l&#8217;a encore vu aux derni\u00e8res \u00e9lections : la participation au vote est de moins en moins importante. Il faut r\u00e9enclencher la politique, la rendre accessible \u00e0 tout le monde, et faire en sorte, par exemple avec le tirage au sort, que des gens qui ne seraient pas venus d&#8217;eux-m\u00eames puissent devenir comme moi adjoints ou adjointes \u00e0 la ville.<\/p>\n","protected":false},"excerpt":{"rendered":"<p>Par Aurore Gorriquer Avant d\u2019\u00eatre \u00e9lue, je suis une citoyenne Villeurbannaise, une aidante avec un niveau d&#8217;\u00e9tude Bac,qui a eu la chance de participer au Jury Citoyen sur l&#8217;accueil des migrants et la ville hospitali\u00e8re. Si je suis ici avec vous aujourd&#8217;hui, c&#8217;est gr\u00e2ce au hasard qui m&#8217;a fait tomber sur le questionnaire de participation&#8230;<\/p>\n","protected":false},"author":1,"featured_media":0,"comment_status":"open","ping_status":"open","sticky":false,"template":"","format":"standard","meta":[],"categories":[58,7,10],"tags":[36],"_links":{"self":[{"href":"https:\/\/villeurbanne-insoumise-ensemble.fr\/index.php?rest_route=\/wp\/v2\/posts\/66"}],"collection":[{"href":"https:\/\/villeurbanne-insoumise-ensemble.fr\/index.php?rest_route=\/wp\/v2\/posts"}],"about":[{"href":"https:\/\/villeurbanne-insoumise-ensemble.fr\/index.php?rest_route=\/wp\/v2\/types\/post"}],"author":[{"embeddable":true,"href":"https:\/\/villeurbanne-insoumise-ensemble.fr\/index.php?rest_route=\/wp\/v2\/users\/1"}],"replies":[{"embeddable":true,"href":"https:\/\/villeurbanne-insoumise-ensemble.fr\/index.php?rest_route=%2Fwp%2Fv2%2Fcomments&post=66"}],"version-history":[{"count":2,"href":"https:\/\/villeurbanne-insoumise-ensemble.fr\/index.php?rest_route=\/wp\/v2\/posts\/66\/revisions"}],"predecessor-version":[{"id":705,"href":"https:\/\/villeurbanne-insoumise-ensemble.fr\/index.php?rest_route=\/wp\/v2\/posts\/66\/revisions\/705"}],"wp:attachment":[{"href":"https:\/\/villeurbanne-insoumise-ensemble.fr\/index.php?rest_route=%2Fwp%2Fv2%2Fmedia&parent=66"}],"wp:term":[{"taxonomy":"category","embeddable":true,"href":"https:\/\/villeurbanne-insoumise-ensemble.fr\/index.php?rest_route=%2Fwp%2Fv2%2Fcategories&post=66"},{"taxonomy":"post_tag","embeddable":true,"href":"https:\/\/villeurbanne-insoumise-ensemble.fr\/index.php?rest_route=%2Fwp%2Fv2%2Ftags&post=66"}],"curies":[{"name":"wp","href":"https:\/\/api.w.org\/{rel}","templated":true}]}}