{"id":58,"date":"2020-11-23T10:32:00","date_gmt":"2020-11-23T09:32:00","guid":{"rendered":"http:\/\/villeurbanne-insoumise-ensemble.fr\/?p=58"},"modified":"2023-11-22T15:33:48","modified_gmt":"2023-11-22T14:33:48","slug":"ecorenov-isoler-pour-moins-consommer","status":"publish","type":"post","link":"https:\/\/villeurbanne-insoumise-ensemble.fr\/?p=58","title":{"rendered":"Ecor\u00e9no&#8217;v, isoler pour moins consommer"},"content":{"rendered":"\n<p><em>Par Morgane Guillas<\/em><\/p>\n\n\n\n<figure class=\"wp-block-embed is-type-video is-provider-youtube wp-block-embed-youtube wp-embed-aspect-16-9 wp-has-aspect-ratio\"><div class=\"wp-block-embed__wrapper\">\n<iframe loading=\"lazy\" title=\"Morgane Guillas - Eco&#039;R\u00e9nov, isoler et moins consommer\" width=\"640\" height=\"360\" src=\"https:\/\/www.youtube.com\/embed\/oqk0GWfn1Co?feature=oembed\" frameborder=\"0\" allow=\"accelerometer; autoplay; clipboard-write; encrypted-media; gyroscope; picture-in-picture\" allowfullscreen><\/iframe>\n<\/div><\/figure>\n\n\n\n<p>\u00ab L\u2019\u00e9nergie la moins ch\u00e8re, c\u2019est celle que l\u2019on ne consomme pas. \u00bb Derri\u00e8re ce lieu-commun se cachent plusieurs r\u00e9alit\u00e9s, v\u00e9cues par beaucoup de villeurbannaises et de villeurbannais.<\/p>\n\n\n\n<p>L\u2019\u00e9nergie la moins ch\u00e8re, d\u2019abord, pour les personnes qui vivent dans des logements que l\u2019on surnomme \u00ab passoires thermiques \u00bb. Dans ces maisons et ces appartements, un chauffage,m\u00eame mis \u00e0 sa puissance maximale, porte le thermom\u00e8tre bien en-dessous des 19 degr\u00e9s recommand\u00e9s pour le confort. Et l\u2019\u00e9t\u00e9, c\u2019est parfois m\u00eame pire, avec des p\u00e9riodes de plus en plus caniculaires. Aujourd\u2019hui, les passoires thermiques repr\u00e9sentent 45 % de la consommation \u00e9nerg\u00e9tique du pays, et la facture, toujours \u00e9lev\u00e9e, est surtout pay\u00e9e par les classes populaires qui n\u2019ont pas les moyens de vivre dans des logements plus isol\u00e9s.<\/p>\n\n\n\n<p>L\u2019\u00e9nergie la moins ch\u00e8re, ensuite, pour notre pays et pour la plan\u00e8te. 20 % des \u00e9missions de gaz \u00e0 effet de serre fran\u00e7aises sont dues \u00e0 ces passoires thermiques, et elles en \u00e9mettent plus que l\u2019agriculture ! Imaginez comme l\u2019isolation de tous nos b\u00e2timents ferait baisser drastiquement nos consommations, que ce soit en \u00e9nergie ou en mati\u00e8res premi\u00e8res. R\u00e9nover \u00e9nerg\u00e9tiquement les b\u00e2timents, c\u2019est donc une politique gagnante sur 3 plans : le propri\u00e9taire valorise son bien, le locataire paye moins de factures avec un meilleur confort de vie, et il y a moins d\u2019\u00e9missions de gaz \u00e0 effet de serre.<\/p>\n\n\n\n<p>Depuis 1974 et les premi\u00e8res lois thermiques fran\u00e7aises, des aides sont accord\u00e9es pour l&#8217;isolation. Le probl\u00e8me est qu\u2019elles ne permettent pas de r\u00e9nover \u00e9nerg\u00e9tiquement assez rapidement. Pour plusieurs raisons : il est complexe d&#8217;obtenir ces aides (surtout dans l\u2019habitat collectif), il y a des probl\u00e9matiques architecturales, ou bien, les habitants n&#8217;y voit pas toujours leur int\u00e9r\u00eat (on comprend les personnes de plus de 60 ans qui doutent de cet investissement alors qu&#8217;il faut approximativement 20 ans pour rembourser cette d\u00e9pense).<\/p>\n\n\n\n<p>Une des solutions est la prise en charge par les collectivit\u00e9s publiques du cout de cette isolation. Avec un remboursement diff\u00e9r\u00e9 par un loyer \u00e9gal aux \u00e9conomies r\u00e9alis\u00e9es, comme cela peut se faire sur des logements sociaux locatifs. La collectivit\u00e9 planifie et contr\u00f4le alors ses enjeux patrimoniaux tout en \u00e9vitant aux habitants, ne le pouvant pas, de supporter l&#8217;investissement.<\/p>\n\n\n\n<p>Un autre enjeu concerne les mat\u00e9riaux utilis\u00e9s pour faire ces r\u00e9novations et leur qualit\u00e9. Nous sommes \u00e9lus, nous pouvons ajouter des crit\u00e8res dans nos cahiers des charges pour favoriser les mat\u00e9riaux biosourc\u00e9s performants. Depuis plusieurs ann\u00e9es, la m\u00e9tropole de Lyon et la ville de Villeurbanne ont mis en place !plusieurs dispositifs pour aider les copropri\u00e9t\u00e9s et propri\u00e9taires de maisons individuelles \u00e0 les r\u00e9nover sur le plan \u00e9nerg\u00e9tique. Plus de 2 500 logements ont ainsi pu b\u00e9n\u00e9ficier de ces  travaux. Ces efforts seront mutualis\u00e9s courant 2021, et ils permettront de poursuivre les aides pour une isolation thermique de qualit\u00e9.<\/p>\n\n\n\n<p>Pour la suite de ce dispositif, il faut cependant encore intensifier nos efforts et aller plus loin, plus vite. Nous avons fait le calcul : \u00e0 Villeurbanne, en continuant \u00e0 ce rythme et si l\u2019on veut r\u00e9nover uniquement les logements construits avant 1991, il faudra attendre l\u2019ann\u00e9e 2140 ! Notre groupe sera donc attentif \u00e0 la bonne poursuite du dispositif et aux discussions qui auront lieu avec la m\u00e9tropole dans le cadre d\u2019Ecor\u00e9no\u2019v.<\/p>\n","protected":false},"excerpt":{"rendered":"<p>Par Morgane Guillas \u00ab L\u2019\u00e9nergie la moins ch\u00e8re, c\u2019est celle que l\u2019on ne consomme pas. \u00bb Derri\u00e8re ce lieu-commun se cachent plusieurs r\u00e9alit\u00e9s, v\u00e9cues par beaucoup de villeurbannaises et de villeurbannais. L\u2019\u00e9nergie la moins ch\u00e8re, d\u2019abord, pour les personnes qui vivent dans des logements que l\u2019on surnomme \u00ab passoires thermiques \u00bb. Dans ces maisons et&#8230;<\/p>\n","protected":false},"author":1,"featured_media":0,"comment_status":"open","ping_status":"open","sticky":false,"template":"","format":"standard","meta":[],"categories":[58,7,14],"tags":[181,53],"_links":{"self":[{"href":"https:\/\/villeurbanne-insoumise-ensemble.fr\/index.php?rest_route=\/wp\/v2\/posts\/58"}],"collection":[{"href":"https:\/\/villeurbanne-insoumise-ensemble.fr\/index.php?rest_route=\/wp\/v2\/posts"}],"about":[{"href":"https:\/\/villeurbanne-insoumise-ensemble.fr\/index.php?rest_route=\/wp\/v2\/types\/post"}],"author":[{"embeddable":true,"href":"https:\/\/villeurbanne-insoumise-ensemble.fr\/index.php?rest_route=\/wp\/v2\/users\/1"}],"replies":[{"embeddable":true,"href":"https:\/\/villeurbanne-insoumise-ensemble.fr\/index.php?rest_route=%2Fwp%2Fv2%2Fcomments&post=58"}],"version-history":[{"count":3,"href":"https:\/\/villeurbanne-insoumise-ensemble.fr\/index.php?rest_route=\/wp\/v2\/posts\/58\/revisions"}],"predecessor-version":[{"id":718,"href":"https:\/\/villeurbanne-insoumise-ensemble.fr\/index.php?rest_route=\/wp\/v2\/posts\/58\/revisions\/718"}],"wp:attachment":[{"href":"https:\/\/villeurbanne-insoumise-ensemble.fr\/index.php?rest_route=%2Fwp%2Fv2%2Fmedia&parent=58"}],"wp:term":[{"taxonomy":"category","embeddable":true,"href":"https:\/\/villeurbanne-insoumise-ensemble.fr\/index.php?rest_route=%2Fwp%2Fv2%2Fcategories&post=58"},{"taxonomy":"post_tag","embeddable":true,"href":"https:\/\/villeurbanne-insoumise-ensemble.fr\/index.php?rest_route=%2Fwp%2Fv2%2Ftags&post=58"}],"curies":[{"name":"wp","href":"https:\/\/api.w.org\/{rel}","templated":true}]}}