{"id":56,"date":"2020-11-23T10:28:00","date_gmt":"2020-11-23T09:28:00","guid":{"rendered":"http:\/\/villeurbanne-insoumise-ensemble.fr\/?p=56"},"modified":"2023-11-22T15:33:11","modified_gmt":"2023-11-22T14:33:11","slug":"rapport-sur-le-developpement-durable","status":"publish","type":"post","link":"https:\/\/villeurbanne-insoumise-ensemble.fr\/?p=56","title":{"rendered":"La crise \u00e9cologique est aussi une crise de mod\u00e8le !"},"content":{"rendered":"\n<p><em>Par Mathieu Garabedian<\/em><\/p>\n\n\n\n<figure class=\"wp-block-embed is-type-video is-provider-youtube wp-block-embed-youtube wp-embed-aspect-16-9 wp-has-aspect-ratio\"><div class=\"wp-block-embed__wrapper\">\n<iframe loading=\"lazy\" title=\"Mathieu Garabedian - Crise \u00e9cologique, crise de mod\u00e8le\" width=\"640\" height=\"360\" src=\"https:\/\/www.youtube.com\/embed\/kgldDVoiNXQ?feature=oembed\" frameborder=\"0\" allow=\"accelerometer; autoplay; clipboard-write; encrypted-media; gyroscope; picture-in-picture\" allowfullscreen><\/iframe>\n<\/div><\/figure>\n\n\n\n<p>La pr\u00e9sentation de ce rapport est tout d\u2019abord pour notre groupe l\u2019occasion de rappeler l\u2019horizon et les enjeux qui nous guident dans nos actions et nos choix en politique : tous, nous nous sommes engag\u00e9.es pour construire une soci\u00e9t\u00e9 en harmonie avec son environnement et la biodiversit\u00e9, mettant au c\u0153ur de son projet l\u2019am\u00e9lioration des conditions de vie de ses habitantes et habitants.<\/p>\n\n\n\n<p>Nous saluons donc d\u00e9j\u00e0 toutes les actions conduites sous la pr\u00e9c\u00e9dente mandature qui ont port\u00e9 ces id\u00e9es. Concernant un des probl\u00e8mes majeurs de la crise \u00e9cologique, le changement climatique, nous sommes d\u2019ailleurs particuli\u00e8rement satisfaits de la cr\u00e9ation du Plan climat.<\/p>\n\n\n\n<p>L\u2019organisation et la planification sont les meilleurs moyens d\u2019anticiper et de r\u00e9pondre aux bouleversements \u00e9cologiques et sociaux auxquels nous allons devoir malheureusement faire face dans les ann\u00e9es \u00e0 venir. Nos ambitions sont grandes pour ce mandat. Notre programme portait des enjeux forts comme la relocalisation des \u00e9quipements et des commerces de proximit\u00e9, la r\u00e9novation \u00e9nerg\u00e9tique des b\u00e2timents, la v\u00e9g\u00e9talisation des espaces publics ou encore la gratuit\u00e9 progressive des transports en commun.<\/p>\n\n\n\n<p>Et la cr\u00e9ation du poste de premi\u00e8re adjointe \u00e0 la transition \u00e9cologique, \u00e0 l\u2019urbanisme, \u00e0 l\u2019habitat et \u00e0 la ville durable port\u00e9 par Agn\u00e8s Thouvenot donne la dimension de ces ambitions.Notre coop\u00e9ration avec la m\u00e9tropole pour porter ces sujets dans chacune de nos politiques publiques devra \u00e9galement se faire en intelligence et avec responsabilit\u00e9.<\/p>\n\n\n\n<p>Mais si notre vision et nos ambitions sont claires, il nous faut \u00e9galement rappeler une r\u00e9alit\u00e9 : la crise \u00e9cologique est aussi une crise de mod\u00e8le. Herv\u00e9 Kempf d\u00e9crivait tr\u00e8s bien dans son livre \u00ab Comment les riches d\u00e9truisent la plan\u00e8te \u00bb que les responsabilit\u00e9s ne sont pas partag\u00e9es entre tous de mani\u00e8re identique. <\/p>\n\n\n\n<p>Aujourd\u2019hui, ce sont les plus pauvres qui polluent le moins. C\u2019est vrai d\u2019abord au niveau mondial, car si tous les humains vivaient comme un Fran\u00e7ais, il nous faudrait trois plan\u00e8tes Terre pour vivre. Mais c\u2019est vrai \u00e9galement au sein de notre propre pays, nous constatons que les 10% les plus riches \u00e9mettent huit fois plus de gaz \u00e0 effet de serre, huit fois plus ! que les10 % les plus pauvres. C\u2019est pourquoi ensemble, il nous faut construire une \u00e9cologie populaire \u00e0 m\u00eame de r\u00e9soudre les diff\u00e9rents probl\u00e8mes de la soci\u00e9t\u00e9. En 1992 d\u00e9j\u00e0, les premiers objectifs fix\u00e9s par le sommet de la Terre de Rio mettent au c\u0153ur du plan d\u2019action la lutte contre la pauvret\u00e9, l\u2019\u00e9ducation des enfants et des femmes, l\u2019emploi g\u00e9n\u00e9ralis\u00e9 ou encore la protection et la promotion de la sant\u00e9.<\/p>\n\n\n\n<p>Et si \u00e0 cette \u00e9poque apparait le terme de \u00ab D\u00e9veloppement durable \u00bb qui rev\u00eatait une symbolique forte dans un monde qui se cherchait un nouveau chemin, il est aujourd\u2019hui admis que ce terme ne correspond plus \u00e0 l\u2019imaginaire qu\u2019il nous faut construire. Les notions de durabilit\u00e9 et de soutenabilit\u00e9 questionnent aujourd&#8217;hui fortement la logique de croissance infinie sur une plan\u00e8te aux ressources finies. <\/p>\n\n\n\n<p>Sans changement global et radical de notre trajectoire actuelle, nous ne pourrons pas infl\u00e9chir le cours de la destruction de notre \u00e9cosyst\u00e8me. Et nous formons le v\u0153u que les actions de notre ville en mati\u00e8re \u00e9cologique et sociale en inspireront d\u2019autres, citoyens et gouvernants,pour que nous puissions tous entrer dans cette n\u00e9cessaire bifurcation \u00e9cologique.<\/p>\n","protected":false},"excerpt":{"rendered":"<p>Par Mathieu Garabedian La pr\u00e9sentation de ce rapport est tout d\u2019abord pour notre groupe l\u2019occasion de rappeler l\u2019horizon et les enjeux qui nous guident dans nos actions et nos choix en politique : tous, nous nous sommes engag\u00e9.es pour construire une soci\u00e9t\u00e9 en harmonie avec son environnement et la biodiversit\u00e9, mettant au c\u0153ur de son&#8230;<\/p>\n","protected":false},"author":1,"featured_media":0,"comment_status":"open","ping_status":"open","sticky":false,"template":"","format":"standard","meta":[],"categories":[58,7,14],"tags":[181,77],"_links":{"self":[{"href":"https:\/\/villeurbanne-insoumise-ensemble.fr\/index.php?rest_route=\/wp\/v2\/posts\/56"}],"collection":[{"href":"https:\/\/villeurbanne-insoumise-ensemble.fr\/index.php?rest_route=\/wp\/v2\/posts"}],"about":[{"href":"https:\/\/villeurbanne-insoumise-ensemble.fr\/index.php?rest_route=\/wp\/v2\/types\/post"}],"author":[{"embeddable":true,"href":"https:\/\/villeurbanne-insoumise-ensemble.fr\/index.php?rest_route=\/wp\/v2\/users\/1"}],"replies":[{"embeddable":true,"href":"https:\/\/villeurbanne-insoumise-ensemble.fr\/index.php?rest_route=%2Fwp%2Fv2%2Fcomments&post=56"}],"version-history":[{"count":4,"href":"https:\/\/villeurbanne-insoumise-ensemble.fr\/index.php?rest_route=\/wp\/v2\/posts\/56\/revisions"}],"predecessor-version":[{"id":719,"href":"https:\/\/villeurbanne-insoumise-ensemble.fr\/index.php?rest_route=\/wp\/v2\/posts\/56\/revisions\/719"}],"wp:attachment":[{"href":"https:\/\/villeurbanne-insoumise-ensemble.fr\/index.php?rest_route=%2Fwp%2Fv2%2Fmedia&parent=56"}],"wp:term":[{"taxonomy":"category","embeddable":true,"href":"https:\/\/villeurbanne-insoumise-ensemble.fr\/index.php?rest_route=%2Fwp%2Fv2%2Fcategories&post=56"},{"taxonomy":"post_tag","embeddable":true,"href":"https:\/\/villeurbanne-insoumise-ensemble.fr\/index.php?rest_route=%2Fwp%2Fv2%2Ftags&post=56"}],"curies":[{"name":"wp","href":"https:\/\/api.w.org\/{rel}","templated":true}]}}