{"id":51,"date":"2020-11-23T11:28:00","date_gmt":"2020-11-23T10:28:00","guid":{"rendered":"http:\/\/villeurbanne-insoumise-ensemble.fr\/?p=51"},"modified":"2023-11-22T15:35:20","modified_gmt":"2023-11-22T14:35:20","slug":"decision-modificative-n3-subventions-aux-associations","status":"publish","type":"post","link":"https:\/\/villeurbanne-insoumise-ensemble.fr\/?p=51","title":{"rendered":"Face \u00e0 la crise, des subventions exceptionnelles pour les associations"},"content":{"rendered":"\n<p><em>Par Aurore Gorriquer<\/em><\/p>\n\n\n\n<figure class=\"wp-block-embed is-type-video is-provider-youtube wp-block-embed-youtube wp-embed-aspect-16-9 wp-has-aspect-ratio\"><div class=\"wp-block-embed__wrapper\">\n<iframe loading=\"lazy\" title=\"Aurore Gorriquer - Subventions aux associations\" width=\"640\" height=\"360\" src=\"https:\/\/www.youtube.com\/embed\/NX4y-KNlkQc?feature=oembed\" frameborder=\"0\" allow=\"accelerometer; autoplay; clipboard-write; encrypted-media; gyroscope; picture-in-picture\" allowfullscreen><\/iframe>\n<\/div><\/figure>\n\n\n\n<p>La d\u00e9tresse sanitaire, \u00e9conomique et en un mot, sociale, engendr\u00e9e par la pand\u00e9mie de coronavirus doit trouver une r\u00e9ponse dans l\u2019action publique. Notre groupe est tr\u00e8s satisfait devoir que notre ville a mis en place des actions d\u2019aide aux personnes, et nous tenons \u00e0 remercier les services pour tout le travail abattu, dans des condition si particuli\u00e8res. Que ce soit gr\u00e2ce au large d\u00e9pistage permis par le centre des Gratte-Ciel ou par les subventions aux associations &#8211; dont il est question dans cette d\u00e9lib\u00e9ration &#8211; nous voulons amortir au maximum les cons\u00e9quences de la crise sanitaire et aider les publics et les professions fragilis\u00e9s.<\/p>\n\n\n\n<p>Le nombre de demandes de RSA explose et le ch\u00f4mage a bondi de pr\u00e8s de 2 points au troisi\u00e8me trimestre 2020. Ce sont toujours les plus pauvres et les plus pr\u00e9caires qui p\u00e2tissent des crises. Nous devons donc soutenir les organismes et associations qui agissent au plus pr\u00e8s de ces personnes, qui connaissent leurs difficult\u00e9s, qui les aident dans leur quotidien, qui leur font d\u00e9couvrir les arts et qui, parfois, les emploient.<\/p>\n\n\n\n<p>C&#8217;est la raison pour laquelle nous avons d\u00e9bloqu\u00e9 des subventions exceptionnelles pour cette fin d&#8217;ann\u00e9e 2020. Beaucoup des organismes et associations avec lesquels nous travaillons habituellement ont pu continuer une partie de leurs activit\u00e9s durant les deux confinements, et elles ont aussi mis en place de nouvelles aides pour les personnes en d\u00e9tresse. Les aides auxj eunes pr\u00e9caires ont \u00e9t\u00e9 renforc\u00e9es, et des maraudes suppl\u00e9mentaires ont \u00e9t\u00e9 organis\u00e9es afin de permettre aux sans-abris de se nourrir, se laver et d&#8217;acc\u00e9der \u00e0 leurs droits.<\/p>\n\n\n\n<p>Dans cette p\u00e9riode difficile, chacun doit pouvoir avoir acc\u00e8s \u00e0 ses besoins essentiels. Nous avons renforc\u00e9 les moyens humains pour r\u00e9pondre \u00e0 l&#8217;urgence du moment et pour organiser un avenir plus serein. Afin d&#8217;\u00e9viter une rupture dans le service public rendu aux personnes fragiles, les accueils physiques des CCAS ont \u00e9t\u00e9 maintenus et nous avons recrut\u00e9 une charg\u00e9e de mission pr\u00e9carit\u00e9 alimentaire. Avec ce nouveau poste, nous entendons bien r\u00e9pondre au besoin de coordination entre les acteurs de l&#8217;urgence sociale alimentaire et, \u00e0 terme, viser la s\u00e9curit\u00e9 sociale alimentaire pour toutes et tous.<\/p>\n\n\n\n<p>Je voudrais terminer en \u00e9voquant le secteur culturel, tr\u00e8s durement touch\u00e9 par l\u2019arr\u00eat forc\u00e9 de son travail. Les structures qui accueillent les artistes, comme les artistes eux-m\u00eames, ont vu leurs revenus diminuer drastiquement et vivent uniquement des aides. Sans soutien de la part des collectivit\u00e9s territoriales ou de l\u2019\u00c9tat, le risque est que les lieux qui accueillent du spectacle mettent la cl\u00e9 sous la porte. Mais nous devons aussi penser aux artistes, souvent pr\u00e9caires, qui ne sont pas salari\u00e9s ou qui travaillent en-dehors des structures subventionn\u00e9es et qui ne sont pas r\u00e9mun\u00e9r\u00e9s. En subventionnant certaines organisations comme le groupement d&#8217;int\u00e9r\u00eat public &#8220;Caf\u00e9 Culture&#8221;, on permet aux artistes locaux de se produire \u00e0 Villeurbanne,d&#8217;\u00eatre d\u00e9clar\u00e9s, de b\u00e9n\u00e9ficier de la protection sociale et donc d&#8217;am\u00e9liorer leurs conditions de travail. Soutenir ce groupement est donc tr\u00e8s b\u00e9n\u00e9fique pour notre commune, puisqu&#8217;on d\u00e9veloppe l&#8217;emploi local d&#8217;artistes et la culture de proximit\u00e9. Notre groupe est favorable \u00e0 la p\u00e9rennisation de ce genre de mesure, qui sont essentielles pour soutenir \u00e0 long terme le monde culturel villeurbannais.<\/p>\n","protected":false},"excerpt":{"rendered":"<p>Par Aurore Gorriquer La d\u00e9tresse sanitaire, \u00e9conomique et en un mot, sociale, engendr\u00e9e par la pand\u00e9mie de coronavirus doit trouver une r\u00e9ponse dans l\u2019action publique. Notre groupe est tr\u00e8s satisfait devoir que notre ville a mis en place des actions d\u2019aide aux personnes, et nous tenons \u00e0 remercier les services pour tout le travail abattu,&#8230;<\/p>\n","protected":false},"author":1,"featured_media":0,"comment_status":"open","ping_status":"open","sticky":false,"template":"","format":"standard","meta":[],"categories":[58,7,14],"tags":[77,43],"_links":{"self":[{"href":"https:\/\/villeurbanne-insoumise-ensemble.fr\/index.php?rest_route=\/wp\/v2\/posts\/51"}],"collection":[{"href":"https:\/\/villeurbanne-insoumise-ensemble.fr\/index.php?rest_route=\/wp\/v2\/posts"}],"about":[{"href":"https:\/\/villeurbanne-insoumise-ensemble.fr\/index.php?rest_route=\/wp\/v2\/types\/post"}],"author":[{"embeddable":true,"href":"https:\/\/villeurbanne-insoumise-ensemble.fr\/index.php?rest_route=\/wp\/v2\/users\/1"}],"replies":[{"embeddable":true,"href":"https:\/\/villeurbanne-insoumise-ensemble.fr\/index.php?rest_route=%2Fwp%2Fv2%2Fcomments&post=51"}],"version-history":[{"count":4,"href":"https:\/\/villeurbanne-insoumise-ensemble.fr\/index.php?rest_route=\/wp\/v2\/posts\/51\/revisions"}],"predecessor-version":[{"id":721,"href":"https:\/\/villeurbanne-insoumise-ensemble.fr\/index.php?rest_route=\/wp\/v2\/posts\/51\/revisions\/721"}],"wp:attachment":[{"href":"https:\/\/villeurbanne-insoumise-ensemble.fr\/index.php?rest_route=%2Fwp%2Fv2%2Fmedia&parent=51"}],"wp:term":[{"taxonomy":"category","embeddable":true,"href":"https:\/\/villeurbanne-insoumise-ensemble.fr\/index.php?rest_route=%2Fwp%2Fv2%2Fcategories&post=51"},{"taxonomy":"post_tag","embeddable":true,"href":"https:\/\/villeurbanne-insoumise-ensemble.fr\/index.php?rest_route=%2Fwp%2Fv2%2Ftags&post=51"}],"curies":[{"name":"wp","href":"https:\/\/api.w.org\/{rel}","templated":true}]}}