{"id":49,"date":"2020-11-23T11:24:00","date_gmt":"2020-11-23T10:24:00","guid":{"rendered":"http:\/\/villeurbanne-insoumise-ensemble.fr\/?p=49"},"modified":"2023-11-22T15:33:57","modified_gmt":"2023-11-22T14:33:57","slug":"reglement-interieur","status":"publish","type":"post","link":"https:\/\/villeurbanne-insoumise-ensemble.fr\/?p=49","title":{"rendered":"R\u00e8glement int\u00e9rieur : une charte des \u00e9lu\u00b7es ambitieuse"},"content":{"rendered":"\n<p><em>Par Agathe Fort<\/em><\/p>\n\n\n\n<figure class=\"wp-block-embed is-type-video is-provider-youtube wp-block-embed-youtube wp-embed-aspect-16-9 wp-has-aspect-ratio\"><div class=\"wp-block-embed__wrapper\">\n<iframe loading=\"lazy\" title=\"Agathe fort - R\u00e8glement int\u00e9rieur ambitieux\" width=\"640\" height=\"360\" src=\"https:\/\/www.youtube.com\/embed\/Z8dISoYqZYw?feature=oembed\" frameborder=\"0\" allow=\"accelerometer; autoplay; clipboard-write; encrypted-media; gyroscope; picture-in-picture\" allowfullscreen><\/iframe>\n<\/div><\/figure>\n\n\n\n<p>En tant que repr\u00e9sentante du groupe VIE ! pour la commission qui s\u2019est r\u00e9unie afin d\u2019\u00e9laborer le nouveau r\u00e8glement int\u00e9rieur du conseil municipal, nous tenons \u00e0 f\u00e9liciter l\u2019ensemble des groupes politiques pour l\u2019ambiance studieuse et constructive de ces r\u00e9unions. Nous avons pu \u00eatre efficaces et ambitieux pour re-questionner les enjeux d\u00e9mocratiques de ce document fondateur de notre conseil municipal.<\/p>\n\n\n\n<p>Toutefois, le travail ne s\u2019arr\u00eate pas l\u00e0. Comme nous nous y \u00e9tions engag\u00e9s durant la campagne \u00e9lectorale, il faudra \u00e9galement construire une charte des \u00e9lu.es ambitieuse et engageante pour le mandat, \u00e0 travers par exemple les propositions d\u2019Anticor.<\/p>\n\n\n\n<p>Le groupe VIE ! r\u00e9pondra une nouvelle fois pr\u00e9sent pour cette r\u00e9daction, mais \u00e9galement pour la construction de l\u2019assembl\u00e9e citoyenne.<\/p>\n\n\n\n<p>Le renouvellement des pratiques politiques est en cours, et nous sommes heureuses et heureux d\u2019en \u00eatre les acteurs. Je vous remercie de votre \u00e9coute.<\/p>\n","protected":false},"excerpt":{"rendered":"<p>Par Agathe Fort En tant que repr\u00e9sentante du groupe VIE ! pour la commission qui s\u2019est r\u00e9unie afin d\u2019\u00e9laborer le nouveau r\u00e8glement int\u00e9rieur du conseil municipal, nous tenons \u00e0 f\u00e9liciter l\u2019ensemble des groupes politiques pour l\u2019ambiance studieuse et constructive de ces r\u00e9unions. Nous avons pu \u00eatre efficaces et ambitieux pour re-questionner les enjeux d\u00e9mocratiques de&#8230;<\/p>\n","protected":false},"author":1,"featured_media":0,"comment_status":"open","ping_status":"open","sticky":false,"template":"","format":"standard","meta":[],"categories":[58,7,14],"tags":[36],"_links":{"self":[{"href":"https:\/\/villeurbanne-insoumise-ensemble.fr\/index.php?rest_route=\/wp\/v2\/posts\/49"}],"collection":[{"href":"https:\/\/villeurbanne-insoumise-ensemble.fr\/index.php?rest_route=\/wp\/v2\/posts"}],"about":[{"href":"https:\/\/villeurbanne-insoumise-ensemble.fr\/index.php?rest_route=\/wp\/v2\/types\/post"}],"author":[{"embeddable":true,"href":"https:\/\/villeurbanne-insoumise-ensemble.fr\/index.php?rest_route=\/wp\/v2\/users\/1"}],"replies":[{"embeddable":true,"href":"https:\/\/villeurbanne-insoumise-ensemble.fr\/index.php?rest_route=%2Fwp%2Fv2%2Fcomments&post=49"}],"version-history":[{"count":4,"href":"https:\/\/villeurbanne-insoumise-ensemble.fr\/index.php?rest_route=\/wp\/v2\/posts\/49\/revisions"}],"predecessor-version":[{"id":722,"href":"https:\/\/villeurbanne-insoumise-ensemble.fr\/index.php?rest_route=\/wp\/v2\/posts\/49\/revisions\/722"}],"wp:attachment":[{"href":"https:\/\/villeurbanne-insoumise-ensemble.fr\/index.php?rest_route=%2Fwp%2Fv2%2Fmedia&parent=49"}],"wp:term":[{"taxonomy":"category","embeddable":true,"href":"https:\/\/villeurbanne-insoumise-ensemble.fr\/index.php?rest_route=%2Fwp%2Fv2%2Fcategories&post=49"},{"taxonomy":"post_tag","embeddable":true,"href":"https:\/\/villeurbanne-insoumise-ensemble.fr\/index.php?rest_route=%2Fwp%2Fv2%2Ftags&post=49"}],"curies":[{"name":"wp","href":"https:\/\/api.w.org\/{rel}","templated":true}]}}