{"id":45,"date":"2021-02-22T11:16:20","date_gmt":"2021-02-22T10:16:20","guid":{"rendered":"http:\/\/villeurbanne-insoumise-ensemble.fr\/?p=45"},"modified":"2023-11-22T15:37:49","modified_gmt":"2023-11-22T14:37:49","slug":"vote-sur-lindemnite-des-elu%c2%b7es","status":"publish","type":"post","link":"https:\/\/villeurbanne-insoumise-ensemble.fr\/?p=45","title":{"rendered":"Vote sur l&#8217;indemnit\u00e9 des \u00e9lu\u00b7es"},"content":{"rendered":"\n<p><em>Par Julien Ravello<\/em><\/p>\n\n\n\n<p>Mesdames, Messieurs, cher.es coll\u00e8gues,<\/p>\n\n\n\n<p>La question des indemnit\u00e9s des \u00e9lu.es est toujours tr\u00e8s compliqu\u00e9e \u00e0 traiter et am\u00e8ne in\u00e9vitablement \u00e0 des d\u00e9bats. Dans la situation actuelle de d\u00e9fiance grandissante des citoyen.nes envers leurs \u00e9lu.es, mat\u00e9rialis\u00e9e notamment par une forte abstention aux \u00e9lections, nous nous devons en tant qu\u2019\u00e9lu.es d\u2019\u00eatre le plus rigoureux et le plus transparent possible. Nous savons qu\u2019une telle d\u00e9cision (d\u2019augmenter les indemnit\u00e9s des \u00e9lu.es) sera pour beaucoup mal comprise et peu compr\u00e9hensible.<\/p>\n\n\n\n<p>Les \u00e9lu.es du groupe Villeurbanne Insoumise Ensemble&nbsp;! pense qu\u2019un \u00e9lu.e doit pouvoir exercer sa mission dans les meilleurs conditions possibles, qu\u2019elles soient humaines, mat\u00e9rielles et financi\u00e8res. Nous sommes d\u2019accord pour dire que les \u00e9lu.es doivent s\u2019impliquer dans leur r\u00f4le sans pertes financi\u00e8res par rapport \u00e0 leur situation pr\u00e9c\u00e9dente, qui plus est dans la mesure o\u00f9 leur situation \u00e9tait pr\u00e9caire. L\u2019augmentation des indemnit\u00e9s des \u00e9lu.es peut donc se justifier dans la mesure o\u00f9 elle permet de compenser une \u00e9ventuelle perte de revenu pour la personne. L\u2019id\u00e9e de permettre aux \u00e9lu.es de pouvoir diminuer leurs heures de travail pour une implication plus forte et ainsi renforcer leur travail au service du peuple est une bonne chose.<\/p>\n\n\n\n<p>Ceci \u00e9tant, nous devons aussi \u00eatre tr\u00e8s vigilant sur cette question car les situations personnelles des uns et des autres ne sont pas les m\u00eames et la question de l\u2019engagement au service des Villeurbannaises et Villeurbannais n\u2019est pas uniquement li\u00e9e \u00e0 la question financi\u00e8re. Nous serons d\u2019ailleurs attentifs \u00e0 ce que l\u2019argument de hausse de l\u2019indemnit\u00e9 ne soit pas utilis\u00e9 en contrepartie d\u2019une trop forte pression sur les \u00e9lu.es.<\/p>\n\n\n\n<p>La 20<sup>\u00e8me<\/sup> ville de France exige des \u00e9lu.es pleinement mobilis\u00e9s et impliqu\u00e9s pour les habitant.es. Nous sommes actuellement sur un niveau d\u2019indemnit\u00e9 plut\u00f4t bas en rapport avec d\u2019autres villes \u00e9quivalentes. La d\u00e9cision d\u2019augmenter l\u2019enveloppe pour augmenter les indemnit\u00e9s des adjoints, conseiller municipaux d\u00e9l\u00e9gu\u00e9s et conseiller municipaux se d\u00e9fend. Nous insistons tout de m\u00eame sur un point fondamental, sur lequel nous nous sommes engag\u00e9s lors de la campagne \u00e9lectorale aupr\u00e8s des Villeurbannaises et Villeurbannais&nbsp;: la transparence, l\u2019exemplarit\u00e9 et l\u2019assiduit\u00e9 des \u00e9lus. Nous souhaitons publier l\u2019assiduit\u00e9 des conseillers municipaux et les montants des indemnit\u00e9s des \u00e9lus par exemple. Nous demandons \u00e9galement que les indemnit\u00e9s des \u00e9lu.es soient modul\u00e9es en fonction du respect ou non de la charte de l\u2019\u00e9lu.e que nous voterons en septembre, qui devra \u00eatre \u00e0 la fois ambitieuse sans pour autant tomb\u00e9 dans la pression et le contr\u00f4le excessif.<\/p>\n\n\n\n<p>Enfin et m\u00eame si ce n\u2019est pas de la comp\u00e9tence municipale, nous tenons \u00e0 dire ici que le souhait que nous faisons depuis 2017 d\u2019une 6<sup>\u00e8me<\/sup> r\u00e9publique avec une modification en profondeur de nos institutions, de la mani\u00e8re de faire vivre la d\u00e9mocratie pour redonner du pouvoir au peuple, doit aussi passer par la constitution et la reconnaissance d\u2019un r\u00e9el statut de l\u2019\u00e9lu.e, en particulier municipal, pour lui permettre d\u2019exercer un mandat au service de la population sans se soucier de sa r\u00e9insertion professionnelle a posteriori, ni \u00e0 savoir s\u2019il peut assurer ce mandat d\u2019un point de vue financier.<\/p>\n\n\n\n<p>Pour l\u2019ensemble des raisons \u00e9voqu\u00e9es, nous voterons pour cette d\u00e9lib\u00e9ration permettant l\u2019augmentation des indemnit\u00e9s des \u00e9lus en la conditionnant \u00e0 la future charte de l\u2019\u00e9lu.e.<\/p>\n\n\n\n<p><\/p>\n","protected":false},"excerpt":{"rendered":"<p>Par Julien Ravello Mesdames, Messieurs, cher.es coll\u00e8gues, La question des indemnit\u00e9s des \u00e9lu.es est toujours tr\u00e8s compliqu\u00e9e \u00e0 traiter et am\u00e8ne in\u00e9vitablement \u00e0 des d\u00e9bats. Dans la situation actuelle de d\u00e9fiance grandissante des citoyen.nes envers leurs \u00e9lu.es, mat\u00e9rialis\u00e9e notamment par une forte abstention aux \u00e9lections, nous nous devons en tant qu\u2019\u00e9lu.es d\u2019\u00eatre le plus rigoureux&#8230;<\/p>\n","protected":false},"author":1,"featured_media":0,"comment_status":"open","ping_status":"open","sticky":false,"template":"","format":"standard","meta":[],"categories":[58,7,16],"tags":[36],"_links":{"self":[{"href":"https:\/\/villeurbanne-insoumise-ensemble.fr\/index.php?rest_route=\/wp\/v2\/posts\/45"}],"collection":[{"href":"https:\/\/villeurbanne-insoumise-ensemble.fr\/index.php?rest_route=\/wp\/v2\/posts"}],"about":[{"href":"https:\/\/villeurbanne-insoumise-ensemble.fr\/index.php?rest_route=\/wp\/v2\/types\/post"}],"author":[{"embeddable":true,"href":"https:\/\/villeurbanne-insoumise-ensemble.fr\/index.php?rest_route=\/wp\/v2\/users\/1"}],"replies":[{"embeddable":true,"href":"https:\/\/villeurbanne-insoumise-ensemble.fr\/index.php?rest_route=%2Fwp%2Fv2%2Fcomments&post=45"}],"version-history":[{"count":3,"href":"https:\/\/villeurbanne-insoumise-ensemble.fr\/index.php?rest_route=\/wp\/v2\/posts\/45\/revisions"}],"predecessor-version":[{"id":48,"href":"https:\/\/villeurbanne-insoumise-ensemble.fr\/index.php?rest_route=\/wp\/v2\/posts\/45\/revisions\/48"}],"wp:attachment":[{"href":"https:\/\/villeurbanne-insoumise-ensemble.fr\/index.php?rest_route=%2Fwp%2Fv2%2Fmedia&parent=45"}],"wp:term":[{"taxonomy":"category","embeddable":true,"href":"https:\/\/villeurbanne-insoumise-ensemble.fr\/index.php?rest_route=%2Fwp%2Fv2%2Fcategories&post=45"},{"taxonomy":"post_tag","embeddable":true,"href":"https:\/\/villeurbanne-insoumise-ensemble.fr\/index.php?rest_route=%2Fwp%2Fv2%2Ftags&post=45"}],"curies":[{"name":"wp","href":"https:\/\/api.w.org\/{rel}","templated":true}]}}