{"id":240,"date":"2021-07-06T09:00:00","date_gmt":"2021-07-06T07:00:00","guid":{"rendered":"http:\/\/villeurbanne-insoumise-ensemble.fr\/?p=240"},"modified":"2023-11-22T16:05:23","modified_gmt":"2023-11-22T15:05:23","slug":"quand-delegation-rime-avec-renonciation","status":"publish","type":"post","link":"https:\/\/villeurbanne-insoumise-ensemble.fr\/?p=240","title":{"rendered":"Quand d\u00e9l\u00e9gation rime avec renonciation !"},"content":{"rendered":"\n<figure class=\"wp-block-image size-large\"><img loading=\"lazy\" width=\"724\" height=\"1024\" src=\"http:\/\/villeurbanne-insoumise-ensemble.fr\/wp-content\/uploads\/2021\/07\/CP_VIE__DSP-Jean-Jacques-Rousseau-724x1024.png\" alt=\"\" class=\"wp-image-241\" srcset=\"https:\/\/villeurbanne-insoumise-ensemble.fr\/wp-content\/uploads\/2021\/07\/CP_VIE__DSP-Jean-Jacques-Rousseau-724x1024.png 724w, https:\/\/villeurbanne-insoumise-ensemble.fr\/wp-content\/uploads\/2021\/07\/CP_VIE__DSP-Jean-Jacques-Rousseau-212x300.png 212w, https:\/\/villeurbanne-insoumise-ensemble.fr\/wp-content\/uploads\/2021\/07\/CP_VIE__DSP-Jean-Jacques-Rousseau-768x1086.png 768w, https:\/\/villeurbanne-insoumise-ensemble.fr\/wp-content\/uploads\/2021\/07\/CP_VIE__DSP-Jean-Jacques-Rousseau-1086x1536.png 1086w, https:\/\/villeurbanne-insoumise-ensemble.fr\/wp-content\/uploads\/2021\/07\/CP_VIE__DSP-Jean-Jacques-Rousseau-1448x2048.png 1448w, https:\/\/villeurbanne-insoumise-ensemble.fr\/wp-content\/uploads\/2021\/07\/CP_VIE__DSP-Jean-Jacques-Rousseau.png 1654w\" sizes=\"(max-width: 724px) 100vw, 724px\" \/><\/figure>\n","protected":false},"excerpt":{"rendered":"<p>Le choix de poursuivre une DSP n&#8217;est pas qu&#8217;un simple choix juridique, il est pour nous politique. C&#8217;est un v\u00e9ritable choix de soci\u00e9t\u00e9 et nous consid\u00e9rons que chaque euro investit dans le service public doit rester dans le service public.<\/p>\n","protected":false},"author":1,"featured_media":0,"comment_status":"open","ping_status":"open","sticky":false,"template":"","format":"standard","meta":[],"categories":[5,20],"tags":[46,44,43],"_links":{"self":[{"href":"https:\/\/villeurbanne-insoumise-ensemble.fr\/index.php?rest_route=\/wp\/v2\/posts\/240"}],"collection":[{"href":"https:\/\/villeurbanne-insoumise-ensemble.fr\/index.php?rest_route=\/wp\/v2\/posts"}],"about":[{"href":"https:\/\/villeurbanne-insoumise-ensemble.fr\/index.php?rest_route=\/wp\/v2\/types\/post"}],"author":[{"embeddable":true,"href":"https:\/\/villeurbanne-insoumise-ensemble.fr\/index.php?rest_route=\/wp\/v2\/users\/1"}],"replies":[{"embeddable":true,"href":"https:\/\/villeurbanne-insoumise-ensemble.fr\/index.php?rest_route=%2Fwp%2Fv2%2Fcomments&post=240"}],"version-history":[{"count":3,"href":"https:\/\/villeurbanne-insoumise-ensemble.fr\/index.php?rest_route=\/wp\/v2\/posts\/240\/revisions"}],"predecessor-version":[{"id":246,"href":"https:\/\/villeurbanne-insoumise-ensemble.fr\/index.php?rest_route=\/wp\/v2\/posts\/240\/revisions\/246"}],"wp:attachment":[{"href":"https:\/\/villeurbanne-insoumise-ensemble.fr\/index.php?rest_route=%2Fwp%2Fv2%2Fmedia&parent=240"}],"wp:term":[{"taxonomy":"category","embeddable":true,"href":"https:\/\/villeurbanne-insoumise-ensemble.fr\/index.php?rest_route=%2Fwp%2Fv2%2Fcategories&post=240"},{"taxonomy":"post_tag","embeddable":true,"href":"https:\/\/villeurbanne-insoumise-ensemble.fr\/index.php?rest_route=%2Fwp%2Fv2%2Ftags&post=240"}],"curies":[{"name":"wp","href":"https:\/\/api.w.org\/{rel}","templated":true}]}}