{"id":238,"date":"2021-07-01T16:56:00","date_gmt":"2021-07-01T14:56:00","guid":{"rendered":"http:\/\/villeurbanne-insoumise-ensemble.fr\/?p=238"},"modified":"2023-11-22T16:05:08","modified_gmt":"2023-11-22T15:05:08","slug":"comment-se-redonner-le-gout-du-possible","status":"publish","type":"post","link":"https:\/\/villeurbanne-insoumise-ensemble.fr\/?p=238","title":{"rendered":"Comment se (re)donner le go\u00fbt du possible ?"},"content":{"rendered":"\n<p>\u00c0 chaque \u00e9ch\u00e9ance \u00e9lectorale, l\u2019abstention s\u2019invite davantage. Protestation contre les institutions ou les candidat\u00b7es, sentiment d\u2019inutilit\u00e9, d\u00e9sint\u00e9r\u00eat envers la d\u00e9cision politique, valorisation des petits gestes plut\u00f4t que de l\u2019intervention publique\u2026 Les explications sont nombreuses. Dans notre soci\u00e9t\u00e9\u00a0 qui voudrait que la consommation, le travail et\u00a0 l\u2019amusement deviennent la nouvelle trinit\u00e9, le d\u00e9sint\u00e9r\u00eat envers les \u00e9ch\u00e9ances \u00e9lectorales va croissant. Comment recr\u00e9er du commun quand les int\u00e9r\u00eats individuels sont \u00e9rig\u00e9s en mod\u00e8le ? Quelles sont nos libert\u00e9s de choix et d\u2019action, quand nous sommes de plus en plus contr\u00f4l\u00e9s, surveill\u00e9s ? Comment penser le temps long, quand nous vivons au rythme du court-termisme ?\u00a0<\/p>\n\n\n\n<p>Divertir et d\u00e9politiser tous les aspects de notre vie, c\u2019est aussi favoriser l\u2019abstention. Pour d\u00e9jouer ce syst\u00e8me et rencontrer les \u00e9loign\u00e9\u00b7es de la politique, il faut d\u00e9sormais investir tous les m\u00e9dias et plateformes \u00e0 disposition, explorer de nouvelles fa\u00e7ons de faire de la politique au-del\u00e0 de l&#8217;usage d&#8217;un bulletin de vote. R\u00e9alisons que la politique au sens noble du terme conditionne nos vies, que ce soit dans le quotidien de chacune et chacun ou dans les collectifs de travail ou associatifs.<\/p>\n\n\n\n<p>Cette prise de conscience n\u2019est cependant qu\u2019une premi\u00e8re \u00e9tape n\u00e9cessaire au d\u00e9sir d\u2019agir. Dans la V<sup>e<\/sup> R\u00e9publique, le r\u00e9el pouvoir n\u2019est donn\u00e9 aux citoyen\u00b7nes que tous les cinq ou six ans. Il n\u2019est pas \u00e9tonnant que, face aux d\u00e9cisions qui leur \u00e9chappent, la lassitude s\u2019installe et que les \u00e9lu\u00b7es aient une assise \u00e9lectorale et une l\u00e9gitimit\u00e9 de plus en plus fragile.&nbsp;<\/p>\n\n\n\n<p>Seul un pouvoir de d\u00e9cision direct peut soigner notre d\u00e9mocratie. Nous croyons \u00e0 la r\u00e9volution citoyenne par les urnes soutenue par de fortes mobilisations sociales et \u00e9cologiques : d\u00e9fendons sans r\u00e9serve le changement des institutions, la VI<sup>e<\/sup> R\u00e9publique, la r\u00e9vocation des \u00e9lus ou encore le RIC (r\u00e9f\u00e9rendum d\u2019initiative citoyenne). Redonnons le pouvoir actuellement confisqu\u00e9 par l&#8217;oligarchie au peuple !<\/p>\n","protected":false},"excerpt":{"rendered":"<p>\u00c0 chaque \u00e9ch\u00e9ance \u00e9lectorale, l\u2019abstention s\u2019invite davantage. Protestation contre les institutions ou les candidat\u00b7es, sentiment d\u2019inutilit\u00e9, d\u00e9sint\u00e9r\u00eat envers la d\u00e9cision politique, valorisation des petits gestes plut\u00f4t que de l\u2019intervention publique\u2026 Les explications sont nombreuses. Dans notre soci\u00e9t\u00e9\u00a0 qui voudrait que la consommation, le travail et\u00a0 l\u2019amusement deviennent la nouvelle trinit\u00e9, le d\u00e9sint\u00e9r\u00eat envers les \u00e9ch\u00e9ances&#8230;<\/p>\n","protected":false},"author":1,"featured_media":0,"comment_status":"open","ping_status":"open","sticky":false,"template":"","format":"standard","meta":[],"categories":[19,17],"tags":[36],"_links":{"self":[{"href":"https:\/\/villeurbanne-insoumise-ensemble.fr\/index.php?rest_route=\/wp\/v2\/posts\/238"}],"collection":[{"href":"https:\/\/villeurbanne-insoumise-ensemble.fr\/index.php?rest_route=\/wp\/v2\/posts"}],"about":[{"href":"https:\/\/villeurbanne-insoumise-ensemble.fr\/index.php?rest_route=\/wp\/v2\/types\/post"}],"author":[{"embeddable":true,"href":"https:\/\/villeurbanne-insoumise-ensemble.fr\/index.php?rest_route=\/wp\/v2\/users\/1"}],"replies":[{"embeddable":true,"href":"https:\/\/villeurbanne-insoumise-ensemble.fr\/index.php?rest_route=%2Fwp%2Fv2%2Fcomments&post=238"}],"version-history":[{"count":1,"href":"https:\/\/villeurbanne-insoumise-ensemble.fr\/index.php?rest_route=\/wp\/v2\/posts\/238\/revisions"}],"predecessor-version":[{"id":239,"href":"https:\/\/villeurbanne-insoumise-ensemble.fr\/index.php?rest_route=\/wp\/v2\/posts\/238\/revisions\/239"}],"wp:attachment":[{"href":"https:\/\/villeurbanne-insoumise-ensemble.fr\/index.php?rest_route=%2Fwp%2Fv2%2Fmedia&parent=238"}],"wp:term":[{"taxonomy":"category","embeddable":true,"href":"https:\/\/villeurbanne-insoumise-ensemble.fr\/index.php?rest_route=%2Fwp%2Fv2%2Fcategories&post=238"},{"taxonomy":"post_tag","embeddable":true,"href":"https:\/\/villeurbanne-insoumise-ensemble.fr\/index.php?rest_route=%2Fwp%2Fv2%2Ftags&post=238"}],"curies":[{"name":"wp","href":"https:\/\/api.w.org\/{rel}","templated":true}]}}