{"id":234,"date":"2021-05-31T16:40:00","date_gmt":"2021-05-31T14:40:00","guid":{"rendered":"http:\/\/villeurbanne-insoumise-ensemble.fr\/?p=234"},"modified":"2023-11-22T15:52:13","modified_gmt":"2023-11-22T14:52:13","slug":"nous-votons-pour-une-ville-vivante","status":"publish","type":"post","link":"https:\/\/villeurbanne-insoumise-ensemble.fr\/?p=234","title":{"rendered":"Nous votons pour une ville vivante !"},"content":{"rendered":"\n<p><em>Par Laure-Emmanuelle Pradelle<\/em><\/p>\n\n\n\n<figure class=\"wp-block-embed is-type-video is-provider-youtube wp-block-embed-youtube wp-embed-aspect-16-9 wp-has-aspect-ratio\"><div class=\"wp-block-embed__wrapper\">\n<iframe loading=\"lazy\" title=\"Laure Emmanuelle Pradelle - Villeurbanne, ville vivante\" width=\"640\" height=\"360\" src=\"https:\/\/www.youtube.com\/embed\/G7Tm_eSgKCY?feature=oembed\" frameborder=\"0\" allow=\"accelerometer; autoplay; clipboard-write; encrypted-media; gyroscope; picture-in-picture\" allowfullscreen><\/iframe>\n<\/div><\/figure>\n\n\n\n<p>Chers coll\u00e8ges, pour nous, pour les commer\u00e7ants et pour les villeurbannais et villeurbannaises, les 3 mai, 19 mai, 9 juin, et 30 juin sont le carr\u00e9 d&#8217;or du printemps 2021. Il marque (nous l&#8217;esp\u00e9rons !) le retour vers la vie et la ville telle qu&#8217;on la conna\u00eet et telle qu&#8217;on l&#8217;aime. Premier confinement, couvre-feu local, deuxi\u00e8me confinement, couvre-feu national, troisi\u00e8me confinement, 21h, 19h, 18h, 23h: les petits commer\u00e7ants et les restaurateurs ont d\u00e9j\u00e0 \u00e9t\u00e9 tr\u00e8s touch\u00e9s.<\/p>\n\n\n\n<p>Ce geste \u00e9conomique que nous votons ce soir, c&#8217;est un soutien aux restaurateurs, \u00e0 leurs salari\u00e9s et plus largement au travail local, au travail non d\u00e9localisable. Et ce n&#8217;est pas n\u00e9gligeable : pensez qu&#8217;en d\u00e9cembre 2018, Villeurbanne comptait 370 h\u00f4tels et restaurants.<\/p>\n\n\n\n<p>Notre soutien financier marque donc un soutien \u00e0 ce secteur, mais ce que nous favorisons va bien au-del\u00e0 de l&#8217;aspect \u00e9conomique.<\/p>\n\n\n\n<p>Avec cette d\u00e9lib\u00e9ration, nous votons pour une ville vivante, une ville des liens. Un quartier, ce n&#8217;est pas seulement un endroit o\u00f9 on habite, o\u00f9 l\u2019on travaille ; un quartier, c&#8217;est un espace de vie o\u00f9 se croisent et se rencontrent une foultitude de gens. Aider \u00e0 l&#8217;installation des terrasses dans l&#8217;espace public, c&#8217;est cr\u00e9er pour les habitants des lieux de rencontre, des lieux pour se retrouver. Supprimer trois places de stationnement, c&#8217;est permettre \u00e0 des centaines de personnes de manger ensemble, de boire un caf\u00e9, de partager de bons moments ! Et avec les mois que nous venons de passer, o\u00f9 2\/3 des fran\u00e7ais estiment d\u00e9sormais que la compagnie des autres leur manque parfois et o\u00f9 ceux et celles qui se d\u00e9clarent les plus seules sont aussi ceux et celles qui se d\u00e9clarent les plus malheureuses, nous devons jouer notre part pour briser ces solitudes et recr\u00e9er du commun.<\/p>\n\n\n\n<p>L&#8217;espace public n&#8217;est pas fait pour rester vide, et c&#8217;est pourquoi nous votons finalement pour une ville investie. Investie, je veux dire par l\u00e0 investie par ses habitants, occup\u00e9e par des projets locaux, par de la culture. Les bars et restaurants sont aussi des lieux d&#8217;expression culturelle qui accueillent des expositions, des concerts. Et vous le savez comme moi, ces bars sont m\u00eame parfois les seuls d\u00e9bouch\u00e9s pour certains artistes et musiciens. Mercredi dernier, j&#8217;ai discut\u00e9 avec le patron d&#8217;un bar restaurant \u00e0 la Ferrandi\u00e8re. Il a envie de programmer des concerts, des kermesses, une f\u00eate de quartier avec les associations, les collectifs d&#8217;habitants. Juste en face de son \u00e9tablissement, il y a un parc o\u00f9 il aimerait, si c&#8217;est possible, organiser ces \u00e9v\u00e9nements. C&#8217;est un bel exemple d&#8217;initiative locale.<\/p>\n\n\n\n<p>Nous souhaitons soutenir toute initiative qui permettrait d&#8217;occuper \u00e0 nouveau l&#8217;espace public, cr\u00e9er de l&#8217;animation, par exemple par l\u2019occupation temporaire ou non des terrasses et contre-terrasse sur les trottoirs (en v\u00e9rifiant \u00e9videmment ce que nous a dit Paul Campy, que le passage des pi\u00e9tons et la terrasse soient conciliables), les dalles pi\u00e9tonnes, les voies pi\u00e9tonnes, les chauss\u00e9es, les places, les squares&#8230; Pour redonner vie \u00e0 Villeurbanne !<\/p>\n","protected":false},"excerpt":{"rendered":"<p>Ce geste \u00e9conomique que nous votons ce soir, c&#8217;est un soutien aux restaurateurs, \u00e0 leurs salari\u00e9s et plus largement au travail local, au travail non d\u00e9localisable. Notre soutien financier marque donc un soutien \u00e0 ce secteur, mais ce que nous favorisons va bien au-del\u00e0 de l&#8217;aspect \u00e9conomique.<\/p>\n","protected":false},"author":1,"featured_media":0,"comment_status":"open","ping_status":"open","sticky":false,"template":"","format":"standard","meta":[],"categories":[95,7,22],"tags":[187],"_links":{"self":[{"href":"https:\/\/villeurbanne-insoumise-ensemble.fr\/index.php?rest_route=\/wp\/v2\/posts\/234"}],"collection":[{"href":"https:\/\/villeurbanne-insoumise-ensemble.fr\/index.php?rest_route=\/wp\/v2\/posts"}],"about":[{"href":"https:\/\/villeurbanne-insoumise-ensemble.fr\/index.php?rest_route=\/wp\/v2\/types\/post"}],"author":[{"embeddable":true,"href":"https:\/\/villeurbanne-insoumise-ensemble.fr\/index.php?rest_route=\/wp\/v2\/users\/1"}],"replies":[{"embeddable":true,"href":"https:\/\/villeurbanne-insoumise-ensemble.fr\/index.php?rest_route=%2Fwp%2Fv2%2Fcomments&post=234"}],"version-history":[{"count":2,"href":"https:\/\/villeurbanne-insoumise-ensemble.fr\/index.php?rest_route=\/wp\/v2\/posts\/234\/revisions"}],"predecessor-version":[{"id":652,"href":"https:\/\/villeurbanne-insoumise-ensemble.fr\/index.php?rest_route=\/wp\/v2\/posts\/234\/revisions\/652"}],"wp:attachment":[{"href":"https:\/\/villeurbanne-insoumise-ensemble.fr\/index.php?rest_route=%2Fwp%2Fv2%2Fmedia&parent=234"}],"wp:term":[{"taxonomy":"category","embeddable":true,"href":"https:\/\/villeurbanne-insoumise-ensemble.fr\/index.php?rest_route=%2Fwp%2Fv2%2Fcategories&post=234"},{"taxonomy":"post_tag","embeddable":true,"href":"https:\/\/villeurbanne-insoumise-ensemble.fr\/index.php?rest_route=%2Fwp%2Fv2%2Ftags&post=234"}],"curies":[{"name":"wp","href":"https:\/\/api.w.org\/{rel}","templated":true}]}}