{"id":232,"date":"2021-05-31T16:36:00","date_gmt":"2021-05-31T14:36:00","guid":{"rendered":"http:\/\/villeurbanne-insoumise-ensemble.fr\/?p=232"},"modified":"2023-11-22T15:51:23","modified_gmt":"2023-11-22T14:51:23","slug":"la-culture-doit-etre-populaire","status":"publish","type":"post","link":"https:\/\/villeurbanne-insoumise-ensemble.fr\/?p=232","title":{"rendered":"La culture doit \u00eatre populaire"},"content":{"rendered":"\n<p><em>Par Agathe Fort<\/em><\/p>\n\n\n\n<figure class=\"wp-block-embed is-type-video is-provider-youtube wp-block-embed-youtube wp-embed-aspect-16-9 wp-has-aspect-ratio\"><div class=\"wp-block-embed__wrapper\">\n<iframe loading=\"lazy\" title=\"Agathe Fort - Capitale de la culture\" width=\"640\" height=\"360\" src=\"https:\/\/www.youtube.com\/embed\/xZyjPF9gQDs?feature=oembed\" frameborder=\"0\" allow=\"accelerometer; autoplay; clipboard-write; encrypted-media; gyroscope; picture-in-picture\" allowfullscreen><\/iframe>\n<\/div><\/figure>\n\n\n\n<p>Il y a un peu plus d&#8217;un an, le Huffingtonpost titrait <em>&#8221; Avec le confinement, <\/em>Netflix<em> engrange un nombre record de nouveaux abonn\u00e9s<\/em> &#8220;. Peut-\u00eatre, chers coll\u00e8ges, avez-vous comme 6.7 millions de Fran\u00e7ais un abonnement \u00e0 ce site ? Depuis plusieurs ann\u00e9es, on assiste \u00e0 la croissance exponentielle de ces plateformes num\u00e9riques. <em>Netflix<\/em> est une forme de culture populaire qu\u2019il ne faut pas critiquer de principe, mais face \u00e0 la progression de cette culture de masse, homog\u00e8ne et standardis\u00e9e, autant destin\u00e9e \u00e0 proposer des contenus qu&#8217;\u00e0 faire du profit, comment reprendre la main pour que culture rime \u00e0 nouveau avec r\u00e9flexion, compr\u00e9hension, diversit\u00e9 ?<\/p>\n\n\n\n<p>Si de plus en plus de personnes acc\u00e8dent \u00e0 la culture num\u00e9ris\u00e9e, beaucoup d&#8217;autres sont exclues du reste de la production culturelle. Pour vous en donner un exemple frappant, seulement 25 % des ouvriers et ouvri\u00e8res de notre pays vont au mus\u00e9e au moins une fois dans l&#8217;ann\u00e9e, contre 60 % des cadres. On sait aussi que beaucoup de quartiers ne contiennent pas d&#8217;\u00e9quipements culturels.&nbsp;<\/p>\n\n\n\n<p>Dans ce cas, comment faire en sorte que chacun et chacune ait acc\u00e8s \u00e0 de la culture ? Nous pensons que la culture doit \u00eatre populaire, qu&#8217;elle doit partir et s&#8217;adresser \u00e0 tout le monde, qu&#8217;elle doit participer \u00e0 l&#8217;\u00e9ducation populaire. Rendons tout ambulant ! Biblioth\u00e8ques, th\u00e9\u00e2tres, centres culturels, mus\u00e9es, expositions ; tous ces \u00e9quipements, toutes les \u00e9quipes qui y travaillent, pourront se rendre dans les quartiers villeurbannais \u00e0 la rencontre des habitants et habitantes. C&#8217;est d&#8217;ailleurs ce qui est pr\u00e9vu avec le projet de &#8220;petit th\u00e9\u00e2tre ambulant&#8221; par le TNP et le Komplex Kapharnaum. Nous pourrions aussi, pourquoi pas ? jumeler nos \u00e9tablissements scolaires avec des \u00e9tablissements culturels pour encourager nos enfants \u00e0 d\u00e9velopper leurs curiosit\u00e9 et \u00e0 avoir des pratiques artistiques collectives d\u00e8s le plus jeune \u00e2ge. Nous voulons redonner du sens \u00e0 une jeunesse parfois d\u00e9s\u0153uvr\u00e9e, donner un \u00e9gal acc\u00e8s \u00e0 la culture, cr\u00e9er des liens entre les g\u00e9n\u00e9rations, entre les quartiers, entre les habitants et habitantes.&nbsp;<\/p>\n\n\n\n<p>Nos dispositifs &#8220;capitale de la culture&#8221; seront d&#8217;autant plus int\u00e9ressants que les gens pourront participer \u00e0 leur \u00e9laboration. Nous avons vu que cela est pr\u00e9vu et nous pensons que c&#8217;est une bonne chose que l&#8217;expression de tous et toutes puisse se retrouver dans les actions culturelles \u00e0 venir. La production participative de la culture fait partie de nos objectifs de transition d\u00e9mocratique, tout comme l&#8217;accroissement des droits culturels. Sortons du carcan de la culture dominante, et promouvons la diversit\u00e9 des formes de culture pour faire tomber les pr\u00e9jug\u00e9s culturels.<\/p>\n\n\n\n<p>Car c&#8217;est aussi \u00e7a, le pouvoir de la culture : elle est un vecteur de lutte contre les discriminations. Vous savez que ce sujet me touche tout particuli\u00e8rement : nous croyons profond\u00e9ment que la diversit\u00e9 culturelle, l&#8217;expression culturelle dans tous les quartiers et pas simplement au centre-ville, peuvent aider \u00e0 l&#8217;\u00e9galit\u00e9 entre les citoyens et citoyennes. Les discriminations peuvent \u00eatre mises au jour, reconnues puis d\u00e9nonc\u00e9es gr\u00e2ce \u00e0 la culture ; et elle peut aussi transformer le regard, et changer ce qui \u00e9taient des discriminations culturelles en richesses et en diversit\u00e9 culturelle.<\/p>\n\n\n\n<p>La culture, par tout ce qu&#8217;elle nous apporte, doit absolument \u00eatre consid\u00e9r\u00e9e comme un bien commun, comme faisant partie de notre patrimoine public. Elle ne doit pas \u00eatre privatis\u00e9e, servir les int\u00e9r\u00eats priv\u00e9s, au risque de se retrouver d\u00e9voy\u00e9e par des m\u00e9c\u00e8nes priv\u00e9s qui se servent de la culture pour d\u00e9fiscaliser leurs imp\u00f4ts. Rappelons que chaque &#8220;don&#8221; est en r\u00e9alit\u00e9 pay\u00e9 par l\u2019\u00c9tat et l&#8217;argent public \u00e0 hauteur de 60 %, voire 66% dans certains cas ! Ce syst\u00e8me lib\u00e9ral fait rupture avec l&#8217;\u00e9galit\u00e9 que nous souhaitons, car il dirige l&#8217;argent public au bon vouloir du priv\u00e9. Nous lui pr\u00e9f\u00e8rerons toujours un financement public, pay\u00e9 par les imp\u00f4ts des entreprises et des particuliers. <em>\u00ab&nbsp;Les affaires de l&#8217;esprit doivent \u00eatre lib\u00e9r\u00e9es de l&#8217;esprit des affaires !&nbsp;\u00bb<\/em><\/p>\n","protected":false},"excerpt":{"rendered":"<p>Nous pensons que la culture doit \u00eatre populaire, qu&#8217;elle doit partir et s&#8217;adresser \u00e0 tout le monde, qu&#8217;elle doit participer \u00e0 l&#8217;\u00e9ducation populaire. La culture, par tout ce qu&#8217;elle nous apporte, doit absolument \u00eatre consid\u00e9r\u00e9e comme un bien commun, comme faisant partie de notre patrimoine public.<\/p>\n","protected":false},"author":1,"featured_media":0,"comment_status":"open","ping_status":"open","sticky":false,"template":"","format":"standard","meta":[],"categories":[95,7,22],"tags":[54,57],"_links":{"self":[{"href":"https:\/\/villeurbanne-insoumise-ensemble.fr\/index.php?rest_route=\/wp\/v2\/posts\/232"}],"collection":[{"href":"https:\/\/villeurbanne-insoumise-ensemble.fr\/index.php?rest_route=\/wp\/v2\/posts"}],"about":[{"href":"https:\/\/villeurbanne-insoumise-ensemble.fr\/index.php?rest_route=\/wp\/v2\/types\/post"}],"author":[{"embeddable":true,"href":"https:\/\/villeurbanne-insoumise-ensemble.fr\/index.php?rest_route=\/wp\/v2\/users\/1"}],"replies":[{"embeddable":true,"href":"https:\/\/villeurbanne-insoumise-ensemble.fr\/index.php?rest_route=%2Fwp%2Fv2%2Fcomments&post=232"}],"version-history":[{"count":2,"href":"https:\/\/villeurbanne-insoumise-ensemble.fr\/index.php?rest_route=\/wp\/v2\/posts\/232\/revisions"}],"predecessor-version":[{"id":653,"href":"https:\/\/villeurbanne-insoumise-ensemble.fr\/index.php?rest_route=\/wp\/v2\/posts\/232\/revisions\/653"}],"wp:attachment":[{"href":"https:\/\/villeurbanne-insoumise-ensemble.fr\/index.php?rest_route=%2Fwp%2Fv2%2Fmedia&parent=232"}],"wp:term":[{"taxonomy":"category","embeddable":true,"href":"https:\/\/villeurbanne-insoumise-ensemble.fr\/index.php?rest_route=%2Fwp%2Fv2%2Fcategories&post=232"},{"taxonomy":"post_tag","embeddable":true,"href":"https:\/\/villeurbanne-insoumise-ensemble.fr\/index.php?rest_route=%2Fwp%2Fv2%2Ftags&post=232"}],"curies":[{"name":"wp","href":"https:\/\/api.w.org\/{rel}","templated":true}]}}