{"id":2300,"date":"2026-01-06T13:59:41","date_gmt":"2026-01-06T12:59:41","guid":{"rendered":"https:\/\/villeurbanne-insoumise-ensemble.fr\/?p=2300"},"modified":"2026-01-06T13:59:42","modified_gmt":"2026-01-06T12:59:42","slug":"et-vous-quel-est-votre-dimanche-ideal","status":"publish","type":"post","link":"https:\/\/villeurbanne-insoumise-ensemble.fr\/?p=2300","title":{"rendered":"Et vous, quel est votre dimanche id\u00e9al ?"},"content":{"rendered":"\n<p><em>Par Ga\u00ebtan CONSTANT<\/em><\/p>\n\n\n\n<figure class=\"wp-block-embed is-type-video is-provider-youtube wp-block-embed-youtube wp-embed-aspect-16-9 wp-has-aspect-ratio\"><div class=\"wp-block-embed__wrapper\">\n<iframe loading=\"lazy\" title=\"Ga\u00ebtan CONSTANT - Et vous, quel est votre dimanche id\u00e9al ?\" width=\"640\" height=\"360\" src=\"https:\/\/www.youtube.com\/embed\/_FqFvpaywMg?feature=oembed\" frameborder=\"0\" allow=\"accelerometer; autoplay; clipboard-write; encrypted-media; gyroscope; picture-in-picture; web-share\" referrerpolicy=\"strict-origin-when-cross-origin\" allowfullscreen><\/iframe>\n<\/div><\/figure>\n\n\n\n<p>C\u2019est dimanche, il pleut. Ou il fait beau. Vous avez envie de sortir de chez vous, mais vous ne voulez pas aller acheter la derni\u00e8re tablette tactile \u00e0 la mode ou vous pouvez vous permettre de ne pas aller travailler pour arrondir vos fins de mois. Que pouvez-vous donc faire de tout ce temps libre&nbsp;?<\/p>\n\n\n\n<p>Voici une petite liste non-exhaustive des possibilit\u00e9s. C\u2019est mon cadeau pour cette nouvelle ann\u00e9e 2026&nbsp;!<\/p>\n\n\n\n<p>L\u2019option la plus facile, aller dans un des parcs villeurbannais. On sait, il n\u2019y en a peut-\u00eatre pas assez pour tout le monde, mais il y en a quand m\u00eame de plus en plus. Si vous avez le courage, vous pouvez pousser jusque dans les parcs lyonnais ou m\u00e9tropolitains. Truc et astuce&nbsp;: c\u2019est vrai que les bus ne desservent le parc de Miribel que l\u2019\u00e9t\u00e9, mais vous pouvez le reste du temps prendre le tram T3 jusqu\u2019\u00e0 Grand Large et longer le r\u00e9servoir \u00e0 pied.<\/p>\n\n\n\n<p>Pour continuer sur les visites, moi, Pr\u00e9sident de la r\u00e9gion, les TER seraient gratuits le dimanche pour que tout le monde puisse facilement aller se balader et d\u00e9couvrir notre r\u00e9gion. Si vous aimez les vieilles pierres, vous pourrez aller visiter la cit\u00e9 m\u00e9di\u00e9vale de P\u00e9rouges ou bien les restes de l\u2019aqueduc de l\u2019Yzeron \u00e0 Craponne, le th\u00e9\u00e2tre antique de Vienne ou encore plus proche, ceux de Lyon. Le mus\u00e9e Lugdunum est gratuit le premier dimanche du mois. Je peux \u00e9galement vous conseiller quelques balades dans les magnifiques vignes du Beaujolais.<\/p>\n\n\n\n<p>N\u2019oubliez pas de regarder le VIVA en ligne ou papier pour conna\u00eetre les sorties et bons plans du mois \u00e0 Villeurbanne, il y en a le dimanche aussi.<\/p>\n\n\n\n<p>Une petite pluie s\u2019annonce&nbsp;? Pas de probl\u00e8me. Plut\u00f4t que d\u2019aller vous enfermer dans votre hypermarch\u00e9 pr\u00e9f\u00e9r\u00e9, pourquoi ne pas profiter \u00e0 fond de votre plaid et de votre caf\u00e9 pour refaire le monde avec votre famille, avec vos ami\u00b7es&nbsp;? Ou tout simplement, lire, tricoter, s\u2019occuper de votre chien, faire des jeux de soci\u00e9t\u00e9, regarder un bon film, cuisiner, faire le m\u00e9nage, ou m\u00eame de ne rien faire&nbsp;du tout ?<\/p>\n\n\n\n<p>Sur ce, je vous laisse r\u00e9fl\u00e9chir \u00e0 votre dimanche id\u00e9al.<\/p>\n\n\n\n<p>Sans surprise, nous voterons contre cette d\u00e9lib\u00e9ration.<\/p>\n","protected":false},"excerpt":{"rendered":"<p>Par Ga\u00ebtan CONSTANT C\u2019est dimanche, il pleut. Ou il fait beau. Vous avez envie de sortir de chez vous, mais vous ne voulez pas aller acheter la derni\u00e8re tablette tactile \u00e0 la mode ou vous pouvez vous permettre de ne pas aller travailler pour arrondir vos fins de mois. Que pouvez-vous donc faire de tout&#8230;<\/p>\n","protected":false},"author":1,"featured_media":0,"comment_status":"open","ping_status":"open","sticky":false,"template":"","format":"standard","meta":[],"categories":[1],"tags":[187,182],"_links":{"self":[{"href":"https:\/\/villeurbanne-insoumise-ensemble.fr\/index.php?rest_route=\/wp\/v2\/posts\/2300"}],"collection":[{"href":"https:\/\/villeurbanne-insoumise-ensemble.fr\/index.php?rest_route=\/wp\/v2\/posts"}],"about":[{"href":"https:\/\/villeurbanne-insoumise-ensemble.fr\/index.php?rest_route=\/wp\/v2\/types\/post"}],"author":[{"embeddable":true,"href":"https:\/\/villeurbanne-insoumise-ensemble.fr\/index.php?rest_route=\/wp\/v2\/users\/1"}],"replies":[{"embeddable":true,"href":"https:\/\/villeurbanne-insoumise-ensemble.fr\/index.php?rest_route=%2Fwp%2Fv2%2Fcomments&post=2300"}],"version-history":[{"count":2,"href":"https:\/\/villeurbanne-insoumise-ensemble.fr\/index.php?rest_route=\/wp\/v2\/posts\/2300\/revisions"}],"predecessor-version":[{"id":2304,"href":"https:\/\/villeurbanne-insoumise-ensemble.fr\/index.php?rest_route=\/wp\/v2\/posts\/2300\/revisions\/2304"}],"wp:attachment":[{"href":"https:\/\/villeurbanne-insoumise-ensemble.fr\/index.php?rest_route=%2Fwp%2Fv2%2Fmedia&parent=2300"}],"wp:term":[{"taxonomy":"category","embeddable":true,"href":"https:\/\/villeurbanne-insoumise-ensemble.fr\/index.php?rest_route=%2Fwp%2Fv2%2Fcategories&post=2300"},{"taxonomy":"post_tag","embeddable":true,"href":"https:\/\/villeurbanne-insoumise-ensemble.fr\/index.php?rest_route=%2Fwp%2Fv2%2Ftags&post=2300"}],"curies":[{"name":"wp","href":"https:\/\/api.w.org\/{rel}","templated":true}]}}