{"id":2298,"date":"2026-01-06T13:58:04","date_gmt":"2026-01-06T12:58:04","guid":{"rendered":"https:\/\/villeurbanne-insoumise-ensemble.fr\/?p=2298"},"modified":"2026-01-06T13:58:04","modified_gmt":"2026-01-06T12:58:04","slug":"les-etablissements-scolaires-prives-ont-ete-multiplies-par-trois","status":"publish","type":"post","link":"https:\/\/villeurbanne-insoumise-ensemble.fr\/?p=2298","title":{"rendered":"Les \u00e9tablissements scolaires priv\u00e9s ont \u00e9t\u00e9 multipli\u00e9s par trois !"},"content":{"rendered":"\n<p><em>Par Morgane GUILLAS<\/em><\/p>\n\n\n\n<figure class=\"wp-block-embed is-type-video is-provider-youtube wp-block-embed-youtube wp-embed-aspect-16-9 wp-has-aspect-ratio\"><div class=\"wp-block-embed__wrapper\">\n<iframe loading=\"lazy\" title=\"Morgane GUILLAS - Les \u00e9tablissements scolaires priv\u00e9s ont \u00e9t\u00e9 multipli\u00e9s par trois!\" width=\"640\" height=\"360\" src=\"https:\/\/www.youtube.com\/embed\/kKsaeWQyJJE?feature=oembed\" frameborder=\"0\" allow=\"accelerometer; autoplay; clipboard-write; encrypted-media; gyroscope; picture-in-picture; web-share\" referrerpolicy=\"strict-origin-when-cross-origin\" allowfullscreen><\/iframe>\n<\/div><\/figure>\n\n\n\n<p><em>\u00ab Il n &#8216;est pas concevable, pour l&#8217;avenir de la nation, qu&#8217;\u00e0 c\u00f4t\u00e9 de l\u2019\u00e9difice public de l&#8217;\u00e9ducation nationale, l&#8217;Etat participe \u00e0 l&#8217;\u00e9laboration d&#8217;un autre \u00e9difice qui lui serait en quelque sorte concurrent et  qui marquerait, pour faire face \u00e0 une responsabilit\u00e9 fondamentale, la division absolue de l&#8217;enseignement en France. \u00bb<\/em><\/p>\n\n\n\n<p>Ces mots, ce ne sont pas les n\u00f4tres, mais ceux de Michel Debr\u00e9, lors de son discours \u00e0 la tribune de l\u2019Assembl\u00e9e nationale. Ne trouvez-vous pas \u00e7a ironique ? L\u2019alerte du ministre m\u00eame qui a cr\u00e9\u00e9 la loi dite \u00ab Debr\u00e9 \u00bb se v\u00e9rifie 66 ans plus tard : l\u2019enseignement priv\u00e9 cr\u00e9e une concurrence et une division au sein de l\u2019enseignement en France.<\/p>\n\n\n\n<p>A Villeurbanne, depuis cette \u00e9poque le nombre d&#8217;\u00e9tablissements priv\u00e9s est pass\u00e9 de 2 \u00e0 6, il a \u00e9t\u00e9 multipli\u00e9 par trois. C\u2019est notamment pour cela que depuis le d\u00e9but de ce mandat, notre groupe manifeste son d\u00e9saccord sur le niveau de financement des \u00e9tablissements scolaires priv\u00e9s par la commune.&nbsp;<\/p>\n\n\n\n<p>L\u2019ann\u00e9e derni\u00e8re, nous avons d\u00e9cid\u00e9 collectivement de minorer ce financement public pour se rapprocher de ce qu\u2019exige de nous la loi de 1959.&nbsp;Les discussions sont toujours en cours avec les \u00e9tablissements religieux et priv\u00e9s villeurbannais qui contestent cette baisse.<\/p>\n\n\n\n<p>D\u2019ailleurs, au niveau national, les \u00e9tablissements catholiques expliquent que les collectivit\u00e9s leur devraient 450\u20ac par enfant de plus par an. Nous trouvons ces prises de positions indignes. Depuis 2019, avec l\u2019obligation scolaire \u00e0 3 ans, ces \u00e9tablissements ont d\u00e9j\u00e0 gagn\u00e9 150 millions d\u2019euros annuels en plus issus des poches des collectivit\u00e9s. Cet argent public leur est d\u00e9j\u00e0 allou\u00e9 sans contreparties, sans r\u00e9elle transparence sur la fa\u00e7on dont il est d\u00e9pens\u00e9 et il entra\u00eene une concurrence envers le public en rendant presque inutile la carte scolaire. Il r\u00e9duit \u00e0 n\u00e9ant les efforts publics pour la mixit\u00e9 sociale \u00e0 l\u2019\u00e9cole.<\/p>\n\n\n\n<p>L\u2019argent public doit \u00eatre d\u00e9volu au service public, et ne pas alimenter les int\u00e9r\u00eats particuliers d\u2019\u00e9coles souvent confessionnelles, contre l\u2019esprit de la loi de 1905. Ceci d\u2019autant plus que depuis de longues ann\u00e9es d\u00e9j\u00e0, le pouvoir national emprunte sans fond pour distribuer des cadeaux aux entreprises et aux \u00e9tablissements du secteur priv\u00e9, \u00e0 base de minoration de cotisations sociales, de cr\u00e9dits, d&#8217;all\u00e8gements et de suppressions d\u2019imp\u00f4ts divers tout en privant les collectivit\u00e9s d\u2019une part de leurs recettes, plus de 4 millions pour Villeurbanne cette ann\u00e9e ! Il serait injuste que le financement de fonctionnement des \u00e9tablissements priv\u00e9s ne participe pas \u00e0 ce \u00ab serrage de ceinture \u00bb.<\/p>\n\n\n\n<p>Comme les ann\u00e9es pr\u00e9c\u00e9dentes, nous nous abstiendrons sur cette d\u00e9lib\u00e9ration.<\/p>\n","protected":false},"excerpt":{"rendered":"<p>Par Morgane GUILLAS \u00ab Il n &#8216;est pas concevable, pour l&#8217;avenir de la nation, qu&#8217;\u00e0 c\u00f4t\u00e9 de l\u2019\u00e9difice public de l&#8217;\u00e9ducation nationale, l&#8217;Etat participe \u00e0 l&#8217;\u00e9laboration d&#8217;un autre \u00e9difice qui lui serait en quelque sorte concurrent et qui marquerait, pour faire face \u00e0 une responsabilit\u00e9 fondamentale, la division absolue de l&#8217;enseignement en France. \u00bb Ces&#8230;<\/p>\n","protected":false},"author":1,"featured_media":0,"comment_status":"open","ping_status":"open","sticky":false,"template":"","format":"standard","meta":[],"categories":[1],"tags":[195,43],"_links":{"self":[{"href":"https:\/\/villeurbanne-insoumise-ensemble.fr\/index.php?rest_route=\/wp\/v2\/posts\/2298"}],"collection":[{"href":"https:\/\/villeurbanne-insoumise-ensemble.fr\/index.php?rest_route=\/wp\/v2\/posts"}],"about":[{"href":"https:\/\/villeurbanne-insoumise-ensemble.fr\/index.php?rest_route=\/wp\/v2\/types\/post"}],"author":[{"embeddable":true,"href":"https:\/\/villeurbanne-insoumise-ensemble.fr\/index.php?rest_route=\/wp\/v2\/users\/1"}],"replies":[{"embeddable":true,"href":"https:\/\/villeurbanne-insoumise-ensemble.fr\/index.php?rest_route=%2Fwp%2Fv2%2Fcomments&post=2298"}],"version-history":[{"count":1,"href":"https:\/\/villeurbanne-insoumise-ensemble.fr\/index.php?rest_route=\/wp\/v2\/posts\/2298\/revisions"}],"predecessor-version":[{"id":2299,"href":"https:\/\/villeurbanne-insoumise-ensemble.fr\/index.php?rest_route=\/wp\/v2\/posts\/2298\/revisions\/2299"}],"wp:attachment":[{"href":"https:\/\/villeurbanne-insoumise-ensemble.fr\/index.php?rest_route=%2Fwp%2Fv2%2Fmedia&parent=2298"}],"wp:term":[{"taxonomy":"category","embeddable":true,"href":"https:\/\/villeurbanne-insoumise-ensemble.fr\/index.php?rest_route=%2Fwp%2Fv2%2Fcategories&post=2298"},{"taxonomy":"post_tag","embeddable":true,"href":"https:\/\/villeurbanne-insoumise-ensemble.fr\/index.php?rest_route=%2Fwp%2Fv2%2Ftags&post=2298"}],"curies":[{"name":"wp","href":"https:\/\/api.w.org\/{rel}","templated":true}]}}