{"id":2289,"date":"2025-12-01T07:38:00","date_gmt":"2025-12-01T06:38:00","guid":{"rendered":"https:\/\/villeurbanne-insoumise-ensemble.fr\/?p=2289"},"modified":"2025-11-24T11:39:53","modified_gmt":"2025-11-24T10:39:53","slug":"leurope-doit-sauver-des-vies-pas-les-oublier","status":"publish","type":"post","link":"https:\/\/villeurbanne-insoumise-ensemble.fr\/?p=2289","title":{"rendered":"L&#8217;Europe doit sauver des vies, pas les oublier !"},"content":{"rendered":"\n<p>Le 24 ao\u00fbt dernier, <em>l\u2019Ocean Viking<\/em>, bateau de sauvetage de SOS M\u00e9diterran\u00e9e, a \u00e9t\u00e9 attaqu\u00e9 pendant pr\u00e8s d\u2019une demi-heure par des tirs de garde-c\u00f4tes libyens. Il secourait 87 rescap\u00e9s et \u00e9tait dans les eaux internationales. Cet assaut t\u00e9moigne de la pression toujours plus forte des garde-c\u00f4tes contre les humanitaires. Et il n\u2019est pas isol\u00e9\u00a0: depuis, d\u2019autres navires d\u2019ONG ou de r\u00e9fugi\u00e9s ont \u00e9t\u00e9 attaqu\u00e9s par balles, blessant gri\u00e8vement trois personnes et entravant des secours vitaux en mer.<\/p>\n\n\n\n<p>Pourquoi les garde-c\u00f4tes libyens s\u2019autorisent-ils de telles exactions contre des navires de sauvetage europ\u00e9ens\u00a0? La r\u00e9ponse est peut-\u00eatre \u00e0 chercher du c\u00f4t\u00e9 de l\u2019Union Europ\u00e9enne elle-m\u00eame, qui confie le \u00ab\u00a0sauvetage\u00a0\u00bb en mer \u00e0 la Tunisie et \u00e0 la Libye. La maltraitance des r\u00e9fugi\u00e9s dans ce dernier pays est pourtant connue\u00a0: extorsions, enl\u00e8vements, violences sexuelles, torture, quasi-esclavage parfois. Malgr\u00e9 les alertes des ONG et des r\u00e9fugi\u00e9\u00b7es, l\u2019UE a renouvel\u00e9 son contrat avec la Libye jusqu\u2019en 2027, en la finan\u00e7ant \u00e0 plus de 16 millions d\u2019euros, formant ses garde-c\u00f4tes, leur fournissant les armes et bateaux qui ont certainement servi aux atteintes contre SOS M\u00e9diterran\u00e9e. Par ailleurs, le m\u00e9dia <em>Der Spiegel<\/em> a r\u00e9v\u00e9l\u00e9 la collaboration \u00e9troite de FRONTEX avec les garde-c\u00f4tes libyens\u00a0: ceux-ci sont alert\u00e9s par l\u2019agence de l\u2019UE aux fronti\u00e8res de la localisation de personnes en mer, afin qu\u2019ils les interceptent vers la Libye.<\/p>\n\n\n\n<p>Cette politique de l\u2019autruche est scandaleuse. Sans les sauveteurs, la trag\u00e9die en mer serait pire et invisible. Qui aurait sauv\u00e9 les 42&nbsp;708 personnes secourues par SOS M\u00e9diterran\u00e9e&nbsp;? Ce n\u2019est pas en refoulant aux fronti\u00e8res les r\u00e9fugi\u00e9\u00b7es que ceux-ci ne quitteront plus leurs pays ravag\u00e9s par la famine, les guerres ou la pauvret\u00e9. Plut\u00f4t que d\u2019entraver les secours, l\u2019Europe devrait sauver elle-m\u00eame ces personnes ou, a minima, cesser sa coop\u00e9ration avec des pays ne respectant pas les droits humains et aider les humanitaires. C\u2019est une question de dignit\u00e9 humaine.<\/p>\n","protected":false},"excerpt":{"rendered":"<p>Le 24 ao\u00fbt dernier, l\u2019Ocean Viking, bateau de sauvetage de SOS M\u00e9diterran\u00e9e, a \u00e9t\u00e9 attaqu\u00e9 pendant pr\u00e8s d\u2019une demi-heure par des tirs de garde-c\u00f4tes libyens. Il secourait 87 rescap\u00e9s et \u00e9tait dans les eaux internationales. Cet assaut t\u00e9moigne de la pression toujours plus forte des garde-c\u00f4tes contre les humanitaires. Et il n\u2019est pas isol\u00e9\u00a0: depuis,&#8230;<\/p>\n","protected":false},"author":1,"featured_media":0,"comment_status":"open","ping_status":"open","sticky":false,"template":"","format":"standard","meta":[],"categories":[197,17],"tags":[193,180],"_links":{"self":[{"href":"https:\/\/villeurbanne-insoumise-ensemble.fr\/index.php?rest_route=\/wp\/v2\/posts\/2289"}],"collection":[{"href":"https:\/\/villeurbanne-insoumise-ensemble.fr\/index.php?rest_route=\/wp\/v2\/posts"}],"about":[{"href":"https:\/\/villeurbanne-insoumise-ensemble.fr\/index.php?rest_route=\/wp\/v2\/types\/post"}],"author":[{"embeddable":true,"href":"https:\/\/villeurbanne-insoumise-ensemble.fr\/index.php?rest_route=\/wp\/v2\/users\/1"}],"replies":[{"embeddable":true,"href":"https:\/\/villeurbanne-insoumise-ensemble.fr\/index.php?rest_route=%2Fwp%2Fv2%2Fcomments&post=2289"}],"version-history":[{"count":2,"href":"https:\/\/villeurbanne-insoumise-ensemble.fr\/index.php?rest_route=\/wp\/v2\/posts\/2289\/revisions"}],"predecessor-version":[{"id":2291,"href":"https:\/\/villeurbanne-insoumise-ensemble.fr\/index.php?rest_route=\/wp\/v2\/posts\/2289\/revisions\/2291"}],"wp:attachment":[{"href":"https:\/\/villeurbanne-insoumise-ensemble.fr\/index.php?rest_route=%2Fwp%2Fv2%2Fmedia&parent=2289"}],"wp:term":[{"taxonomy":"category","embeddable":true,"href":"https:\/\/villeurbanne-insoumise-ensemble.fr\/index.php?rest_route=%2Fwp%2Fv2%2Fcategories&post=2289"},{"taxonomy":"post_tag","embeddable":true,"href":"https:\/\/villeurbanne-insoumise-ensemble.fr\/index.php?rest_route=%2Fwp%2Fv2%2Ftags&post=2289"}],"curies":[{"name":"wp","href":"https:\/\/api.w.org\/{rel}","templated":true}]}}