{"id":2267,"date":"2025-11-24T10:47:41","date_gmt":"2025-11-24T09:47:41","guid":{"rendered":"https:\/\/villeurbanne-insoumise-ensemble.fr\/?p=2267"},"modified":"2025-11-24T10:47:42","modified_gmt":"2025-11-24T09:47:42","slug":"les-coupes-vont-impacter-les-missions-locales","status":"publish","type":"post","link":"https:\/\/villeurbanne-insoumise-ensemble.fr\/?p=2267","title":{"rendered":"Les coupes vont impacter les missions locales !"},"content":{"rendered":"\n<p><em>Par Julien RAVELLO<\/em><\/p>\n\n\n\n<figure class=\"wp-block-embed is-type-video is-provider-youtube wp-block-embed-youtube wp-embed-aspect-16-9 wp-has-aspect-ratio\"><div class=\"wp-block-embed__wrapper\">\n<iframe loading=\"lazy\" title=\"Julien RAVELLO - Les coupes vont impacter les missions locales !\" width=\"640\" height=\"360\" src=\"https:\/\/www.youtube.com\/embed\/4dRMaibbub0?feature=oembed\" frameborder=\"0\" allow=\"accelerometer; autoplay; clipboard-write; encrypted-media; gyroscope; picture-in-picture; web-share\" referrerpolicy=\"strict-origin-when-cross-origin\" allowfullscreen><\/iframe>\n<\/div><\/figure>\n\n\n\n<p>Notre groupe \u00e9videmment soutient le v\u0153u qui a \u00e9t\u00e9 pr\u00e9sent\u00e9 et soutient les missions locales, puisque leurs missions sont essentielles pour les jeunes, comme l\u2019a rappel\u00e9 Laure Gandolfi. Donc on votera bien \u00e9videmment ce v\u0153u.<\/p>\n\n\n\n<p>Simplement, vous allez peut-\u00eatre dire que je radote par rapport \u00e0 certaines choses que j\u2019ai dit en d\u00e9but de conseil, mais m\u00eame si les positions nationales et locales peuvent varier, notre groupe est assez surpris par la pr\u00e9sentation du v\u0153u alors que certains groupes politiques au niveau national tentent de n\u00e9gocier avec le gouvernement. Et pourtant, nous connaissons d\u00e9j\u00e0 la politique qu&#8217;il va appliquer&nbsp;; justement, une politique de casse sociale, de recul \u00e9cologique, je l\u2019ai d\u00e9j\u00e0 dit au tout d\u00e9but, avec une baisse de tous les budgets sauf celui de l\u2019arm\u00e9e. On esp\u00e8re que ce qui est d\u00e9fendu ici localement le sera aussi nationalement par l\u2019ensemble des groupes politiques qui voteront ce v\u0153u.<\/p>\n\n\n\n<p>Pour terminer, peut-\u00eatre un peu sous le ton de la boutade, on pourrait pr\u00e9voir d\u00e9j\u00e0 pour le prochain conseil municipal tout un tas s\u00e9rie d\u2019autres v\u0153ux pour tous les autres secteurs qui vont subir le PLF26 : la culture, la sant\u00e9, les solidarit\u00e9s, la bifurcation \u00e9cologique, les associations&#8230; On pourrait en avoir une liste importante.<\/p>\n\n\n\n<p>Les missions locales, on les soutient comme vous toutes et tous ici, m\u00eame si toutes ces coupes vont directement impacter les acteurs locaux.<\/p>\n","protected":false},"excerpt":{"rendered":"<p>Par Julien RAVELLO Notre groupe \u00e9videmment soutient le v\u0153u qui a \u00e9t\u00e9 pr\u00e9sent\u00e9 et soutient les missions locales, puisque leurs missions sont essentielles pour les jeunes, comme l\u2019a rappel\u00e9 Laure Gandolfi. Donc on votera bien \u00e9videmment ce v\u0153u. Simplement, vous allez peut-\u00eatre dire que je radote par rapport \u00e0 certaines choses que j\u2019ai dit en&#8230;<\/p>\n","protected":false},"author":1,"featured_media":0,"comment_status":"open","ping_status":"open","sticky":false,"template":"","format":"standard","meta":[],"categories":[1],"tags":[84,43],"_links":{"self":[{"href":"https:\/\/villeurbanne-insoumise-ensemble.fr\/index.php?rest_route=\/wp\/v2\/posts\/2267"}],"collection":[{"href":"https:\/\/villeurbanne-insoumise-ensemble.fr\/index.php?rest_route=\/wp\/v2\/posts"}],"about":[{"href":"https:\/\/villeurbanne-insoumise-ensemble.fr\/index.php?rest_route=\/wp\/v2\/types\/post"}],"author":[{"embeddable":true,"href":"https:\/\/villeurbanne-insoumise-ensemble.fr\/index.php?rest_route=\/wp\/v2\/users\/1"}],"replies":[{"embeddable":true,"href":"https:\/\/villeurbanne-insoumise-ensemble.fr\/index.php?rest_route=%2Fwp%2Fv2%2Fcomments&post=2267"}],"version-history":[{"count":1,"href":"https:\/\/villeurbanne-insoumise-ensemble.fr\/index.php?rest_route=\/wp\/v2\/posts\/2267\/revisions"}],"predecessor-version":[{"id":2268,"href":"https:\/\/villeurbanne-insoumise-ensemble.fr\/index.php?rest_route=\/wp\/v2\/posts\/2267\/revisions\/2268"}],"wp:attachment":[{"href":"https:\/\/villeurbanne-insoumise-ensemble.fr\/index.php?rest_route=%2Fwp%2Fv2%2Fmedia&parent=2267"}],"wp:term":[{"taxonomy":"category","embeddable":true,"href":"https:\/\/villeurbanne-insoumise-ensemble.fr\/index.php?rest_route=%2Fwp%2Fv2%2Fcategories&post=2267"},{"taxonomy":"post_tag","embeddable":true,"href":"https:\/\/villeurbanne-insoumise-ensemble.fr\/index.php?rest_route=%2Fwp%2Fv2%2Ftags&post=2267"}],"curies":[{"name":"wp","href":"https:\/\/api.w.org\/{rel}","templated":true}]}}