{"id":2265,"date":"2025-11-24T10:46:26","date_gmt":"2025-11-24T09:46:26","guid":{"rendered":"https:\/\/villeurbanne-insoumise-ensemble.fr\/?p=2265"},"modified":"2025-11-24T10:46:27","modified_gmt":"2025-11-24T09:46:27","slug":"il-faut-defendre-lencadrement-des-loyers","status":"publish","type":"post","link":"https:\/\/villeurbanne-insoumise-ensemble.fr\/?p=2265","title":{"rendered":"Il faut d\u00e9fendre l&#8217;encadrement des loyers !"},"content":{"rendered":"\n<p><em>Par Mathieu GARABEDIAN<\/em><\/p>\n\n\n\n<figure class=\"wp-block-embed is-type-video is-provider-youtube wp-block-embed-youtube wp-embed-aspect-16-9 wp-has-aspect-ratio\"><div class=\"wp-block-embed__wrapper\">\n<iframe loading=\"lazy\" title=\"Mathieu GARABEDIAN - Il faut d\u00e9fendre l&#039;encadrement des loyers !\" width=\"640\" height=\"360\" src=\"https:\/\/www.youtube.com\/embed\/rV2yHJpQa-s?feature=oembed\" frameborder=\"0\" allow=\"accelerometer; autoplay; clipboard-write; encrypted-media; gyroscope; picture-in-picture; web-share\" referrerpolicy=\"strict-origin-when-cross-origin\" allowfullscreen><\/iframe>\n<\/div><\/figure>\n\n\n\n<p>Et si les locataires pouvaient \u00e9conomiser 1 700 \u20ac par mois ?&nbsp;<\/p>\n\n\n\n<p>C&#8217;est par ces mots que la Fondation pour le logement des d\u00e9favoris\u00e9s, la CNL, la CSF, le DAL, Logement Ensemble et d&#8217;autres associations parmi lesquelles la Brigade associative Inter Locataires que nous finan\u00e7ons ce soir, d\u00e9butent leur p\u00e9tition pour la p\u00e9rennisation apr\u00e8s novembre 2026 de l&#8217;encadrement des loyers en France.&nbsp;<\/p>\n\n\n\n<p>Car depuis 2 ans, cette association aide les locataires \u00e0 savoir quand et comment agir si les propri\u00e9taires ne respectent pas les r\u00e8gles sur les loyers, en fournissant soutien et informations sur les communes de Lyon et Villeurbanne.<\/p>\n\n\n\n<p>Leurs actions sont n\u00e9cessaires, quand on sait qu&#8217;1\/4 des logements \u00e0 Villeurbanne ne respecte toujours pas l&#8217;encadrement des loyers.&nbsp;C\u2019est dire le sentiment d\u2019impunit\u00e9 de leurs propri\u00e9taires.<\/p>\n\n\n\n<p>Mais ce n\u2019est pas \u00e9tonnant, quand on conna\u00eet la concentration des logements en location aux mains de quelques privil\u00e9gi\u00e9s. En chiffres, on sait que 3.5% des propri\u00e9taires poss\u00e8dent 50% des logements locatifs priv\u00e9s en France. Pour eux, le logement comme une source de revenus comme une autre.<\/p>\n\n\n\n<p>Cette concentration est d\u2019autant plus vraie dans les grands centres villes urbains. Villeurbanne est \u00e9videmment concern\u00e9e, avec 29% des logements villeurbannais poss\u00e9d\u00e9s par des m\u00e9nages propri\u00e9taires de 5 logements ou plus. C\u2019est particuli\u00e8rement criant dans certains quartiers&nbsp;: \u00e0 La Soie ou dans les quartiers proches Lyon, de la Doua ou du centre-ville.<\/p>\n\n\n\n<p>Gr\u00e2ce \u00e0 l&#8217;action de BAIL, c&#8217;est 302 907\u20ac de loyers trop per\u00e7us ont \u00e9t\u00e9 rembours\u00e9s. Quand on sait que le logement est le premier poste de d\u00e9pense des fran\u00e7ais et p\u00e8se en moyenne 27% de leur budget, on voit bien que ce combat est vital pour de nombreux habitantes et habitants.&nbsp;<\/p>\n\n\n\n<p>Il faut d\u00e9fendre l&#8217;encadrement des loyers, ainsi que toutes les mesures qui permettent aujourd&#8217;hui de faire baisser le prix du logement et de lutter efficacement contre la sp\u00e9culation immobili\u00e8re. D\u00e9fendons partout et tout le temps le droit au logement digne et abordable.<\/p>\n","protected":false},"excerpt":{"rendered":"<p>Par Mathieu GARABEDIAN Et si les locataires pouvaient \u00e9conomiser 1 700 \u20ac par mois ?&nbsp; C&#8217;est par ces mots que la Fondation pour le logement des d\u00e9favoris\u00e9s, la CNL, la CSF, le DAL, Logement Ensemble et d&#8217;autres associations parmi lesquelles la Brigade associative Inter Locataires que nous finan\u00e7ons ce soir, d\u00e9butent leur p\u00e9tition pour la&#8230;<\/p>\n","protected":false},"author":1,"featured_media":0,"comment_status":"open","ping_status":"open","sticky":false,"template":"","format":"standard","meta":[],"categories":[1],"tags":[77,53,43],"_links":{"self":[{"href":"https:\/\/villeurbanne-insoumise-ensemble.fr\/index.php?rest_route=\/wp\/v2\/posts\/2265"}],"collection":[{"href":"https:\/\/villeurbanne-insoumise-ensemble.fr\/index.php?rest_route=\/wp\/v2\/posts"}],"about":[{"href":"https:\/\/villeurbanne-insoumise-ensemble.fr\/index.php?rest_route=\/wp\/v2\/types\/post"}],"author":[{"embeddable":true,"href":"https:\/\/villeurbanne-insoumise-ensemble.fr\/index.php?rest_route=\/wp\/v2\/users\/1"}],"replies":[{"embeddable":true,"href":"https:\/\/villeurbanne-insoumise-ensemble.fr\/index.php?rest_route=%2Fwp%2Fv2%2Fcomments&post=2265"}],"version-history":[{"count":1,"href":"https:\/\/villeurbanne-insoumise-ensemble.fr\/index.php?rest_route=\/wp\/v2\/posts\/2265\/revisions"}],"predecessor-version":[{"id":2266,"href":"https:\/\/villeurbanne-insoumise-ensemble.fr\/index.php?rest_route=\/wp\/v2\/posts\/2265\/revisions\/2266"}],"wp:attachment":[{"href":"https:\/\/villeurbanne-insoumise-ensemble.fr\/index.php?rest_route=%2Fwp%2Fv2%2Fmedia&parent=2265"}],"wp:term":[{"taxonomy":"category","embeddable":true,"href":"https:\/\/villeurbanne-insoumise-ensemble.fr\/index.php?rest_route=%2Fwp%2Fv2%2Fcategories&post=2265"},{"taxonomy":"post_tag","embeddable":true,"href":"https:\/\/villeurbanne-insoumise-ensemble.fr\/index.php?rest_route=%2Fwp%2Fv2%2Ftags&post=2265"}],"curies":[{"name":"wp","href":"https:\/\/api.w.org\/{rel}","templated":true}]}}