{"id":2263,"date":"2025-11-24T10:44:25","date_gmt":"2025-11-24T09:44:25","guid":{"rendered":"https:\/\/villeurbanne-insoumise-ensemble.fr\/?p=2263"},"modified":"2025-11-24T10:44:26","modified_gmt":"2025-11-24T09:44:26","slug":"nous-adherons-a-la-charte-de-la-donnee","status":"publish","type":"post","link":"https:\/\/villeurbanne-insoumise-ensemble.fr\/?p=2263","title":{"rendered":"Nous adh\u00e9rons \u00e0 la charte de la donn\u00e9e !"},"content":{"rendered":"\n<p><em>Par Ga\u00ebtan CONSTANT<\/em><\/p>\n\n\n\n<figure class=\"wp-block-embed is-type-video is-provider-youtube wp-block-embed-youtube wp-embed-aspect-16-9 wp-has-aspect-ratio\"><div class=\"wp-block-embed__wrapper\">\n<iframe loading=\"lazy\" title=\"Ga\u00ebtan CONSTANT - Nous adh\u00e9rons \u00e0 la charte de la donn\u00e9e !\" width=\"640\" height=\"360\" src=\"https:\/\/www.youtube.com\/embed\/gDTaGztDnj4?feature=oembed\" frameborder=\"0\" allow=\"accelerometer; autoplay; clipboard-write; encrypted-media; gyroscope; picture-in-picture; web-share\" referrerpolicy=\"strict-origin-when-cross-origin\" allowfullscreen><\/iframe>\n<\/div><\/figure>\n\n\n\n<p>Nous sommes aujourd\u2019hui confront\u00e9s \u00e0 des enjeux grandissants autour de la gestion de la donn\u00e9e, qui touche d\u00e9sormais l\u2019ensemble de nos politiques publiques : urbanisme, action sociale, environnement, mobilit\u00e9, \u00e9ducation\u2026 Que ce soit d&#8217;un point de vue interne avec les donn\u00e9es que traitent les agent.es de la ville mais aussi externe avec les donn\u00e9es confi\u00e9es par les habitant.es.<\/p>\n\n\n\n<p>La donn\u00e9e est devenue un outil essentiel pour comprendre notre territoire, mieux piloter nos actions et coop\u00e9rer avec les usagers de la ville.<\/p>\n\n\n\n<p>Face \u00e0 ces constats, la M\u00e9tropole de Lyon a engag\u00e9 une dynamique collaborative entre collectivit\u00e9s, institutions publiques et acteurs priv\u00e9s. Ce travail a abouti \u00e0 l\u2019\u00e9laboration d\u2019une Charte de la donn\u00e9e territoriale, adopt\u00e9e en Conseil m\u00e9tropolitain le 27 janvier 2025.<\/p>\n\n\n\n<p>Cette charte poursuit quatre objectifs :<\/p>\n\n\n\n<ol type=\"1\"><li>Prot\u00e9ger les donn\u00e9es personnelles, conform\u00e9ment au RGPD et aux bonnes pratiques en mati\u00e8re d\u2019\u00e9thique num\u00e9rique.<\/li><li>Garantir la s\u00e9curit\u00e9 et la sobri\u00e9t\u00e9 num\u00e9rique, en limitant les risques de fuite de donn\u00e9es, en adoptant des usages responsables et en ma\u00eetrisant notre impact environnemental.<\/li><li>Favoriser la transparence, pour renforcer la confiance des habitantes et des habitants dans l\u2019utilisation des donn\u00e9es publiques.<\/li><li>Encourager la coop\u00e9ration entre acteurs publics et priv\u00e9s, afin de mieux partager, structurer et valoriser les donn\u00e9es utiles \u00e0 l\u2019action publique.<\/li><\/ol>\n\n\n\n<p>Je ne vous apprendrai rien de plus en vous indiquant que notre ville est d\u00e9j\u00e0 pleinement engag\u00e9e dans ces enjeux.<\/p>\n\n\n\n<p>C&#8217;est donc en toute logique que je vous propose que nous adh\u00e9rions \u00e0 cette charte pour formaliser officiellement notre engagement, ce qui nous permettra de nous inscrire dans un cadre commun avec la M\u00e9tropole, les autres collectivit\u00e9s territoriales et acteurs priv\u00e9s signataires et de renforcer notre coop\u00e9ration sur ces sujets.<\/p>\n","protected":false},"excerpt":{"rendered":"<p>Par Ga\u00ebtan CONSTANT Nous sommes aujourd\u2019hui confront\u00e9s \u00e0 des enjeux grandissants autour de la gestion de la donn\u00e9e, qui touche d\u00e9sormais l\u2019ensemble de nos politiques publiques : urbanisme, action sociale, environnement, mobilit\u00e9, \u00e9ducation\u2026 Que ce soit d&#8217;un point de vue interne avec les donn\u00e9es que traitent les agent.es de la ville mais aussi externe avec&#8230;<\/p>\n","protected":false},"author":1,"featured_media":0,"comment_status":"open","ping_status":"open","sticky":false,"template":"","format":"standard","meta":[],"categories":[1],"tags":[86],"_links":{"self":[{"href":"https:\/\/villeurbanne-insoumise-ensemble.fr\/index.php?rest_route=\/wp\/v2\/posts\/2263"}],"collection":[{"href":"https:\/\/villeurbanne-insoumise-ensemble.fr\/index.php?rest_route=\/wp\/v2\/posts"}],"about":[{"href":"https:\/\/villeurbanne-insoumise-ensemble.fr\/index.php?rest_route=\/wp\/v2\/types\/post"}],"author":[{"embeddable":true,"href":"https:\/\/villeurbanne-insoumise-ensemble.fr\/index.php?rest_route=\/wp\/v2\/users\/1"}],"replies":[{"embeddable":true,"href":"https:\/\/villeurbanne-insoumise-ensemble.fr\/index.php?rest_route=%2Fwp%2Fv2%2Fcomments&post=2263"}],"version-history":[{"count":1,"href":"https:\/\/villeurbanne-insoumise-ensemble.fr\/index.php?rest_route=\/wp\/v2\/posts\/2263\/revisions"}],"predecessor-version":[{"id":2264,"href":"https:\/\/villeurbanne-insoumise-ensemble.fr\/index.php?rest_route=\/wp\/v2\/posts\/2263\/revisions\/2264"}],"wp:attachment":[{"href":"https:\/\/villeurbanne-insoumise-ensemble.fr\/index.php?rest_route=%2Fwp%2Fv2%2Fmedia&parent=2263"}],"wp:term":[{"taxonomy":"category","embeddable":true,"href":"https:\/\/villeurbanne-insoumise-ensemble.fr\/index.php?rest_route=%2Fwp%2Fv2%2Fcategories&post=2263"},{"taxonomy":"post_tag","embeddable":true,"href":"https:\/\/villeurbanne-insoumise-ensemble.fr\/index.php?rest_route=%2Fwp%2Fv2%2Ftags&post=2263"}],"curies":[{"name":"wp","href":"https:\/\/api.w.org\/{rel}","templated":true}]}}