{"id":2261,"date":"2025-11-24T10:42:43","date_gmt":"2025-11-24T09:42:43","guid":{"rendered":"https:\/\/villeurbanne-insoumise-ensemble.fr\/?p=2261"},"modified":"2025-11-24T11:06:59","modified_gmt":"2025-11-24T10:06:59","slug":"la-vacance-est-une-claque-au-visage-des-sans-abris","status":"publish","type":"post","link":"https:\/\/villeurbanne-insoumise-ensemble.fr\/?p=2261","title":{"rendered":"La vacance est une claque au visage des sans-abris !"},"content":{"rendered":"\n<p>Par Danielle CARASCO<\/p>\n\n\n\n<figure class=\"wp-block-embed is-type-video is-provider-youtube wp-block-embed-youtube wp-embed-aspect-16-9 wp-has-aspect-ratio\"><div class=\"wp-block-embed__wrapper\">\n<iframe loading=\"lazy\" title=\"Danielle CARASCO - La vacance est une claque au visage des sans abris !\" width=\"640\" height=\"360\" src=\"https:\/\/www.youtube.com\/embed\/3Hi3ROa7T_0?feature=oembed\" frameborder=\"0\" allow=\"accelerometer; autoplay; clipboard-write; encrypted-media; gyroscope; picture-in-picture; web-share\" referrerpolicy=\"strict-origin-when-cross-origin\" allowfullscreen><\/iframe>\n<\/div><\/figure>\n\n\n\n<p>Le b\u00e2timent de la CPAM que nous allons s\u00fbrement acqu\u00e9rir apr\u00e8s le vote du conseil municipal est rest\u00e9 vide une petite ann\u00e9e, en face de la mairie et sous nos yeux.<\/p>\n\n\n\n<p>Ce lieu restera vide \u00e0 moyen terme, en attendant les travaux. On ne peut pas y rester insensibles, car la vacance de logements et de b\u00e2timents est une claque au visage des sans-abris.<\/p>\n\n\n\n<p>C&#8217;est un sujet complexe que nous devons examiner avec attention et r\u00e9alisme. Nous en sommes tout \u00e0 fait capables \u00e0 Villeurbanne, nous l\u2019avons d\u00e9j\u00e0 fait.&nbsp;<\/p>\n\n\n\n<p>On constate une nette augmentation du sans-abrisme. Dans la M\u00e9tropole de Lyon, il y a + 40 % d&#8217;enfants \u00e0 la rue par rapport \u00e0 il y a 3 ans et parmi eux, 270 seraient sans solution d&#8217;h\u00e9bergement.<\/p>\n\n\n\n<p>Comment l\u2019expliquer ?<\/p>\n\n\n\n<p>Des logements trop chers et accapar\u00e9s par les plus riches, la multiplication des expulsions locatives, des h\u00e9bergements d&#8217;urgence satur\u00e9s, la menace de remise \u00e0 la rue de centaines de personnes actuellement h\u00e9berg\u00e9es dans des structures sociales\u2026 et leurs cons\u00e9quences : d\u00e9ploiement de tentes dans parcs et jardins faute de toits disponible et d\u00e9mant\u00e8lements de campements sans solution de logement.&nbsp;<\/p>\n\n\n\n<p>Ce bilan nous le connaissons et il n&#8217;est pas exhaustif.<\/p>\n\n\n\n<p>Ville hospitali\u00e8re, Villeurbanne a su tenir ses promesses en mati\u00e8re d&#8217;h\u00e9bergement d&#8217;urgence, et ce n&#8217;est pourtant pas sa comp\u00e9tence.&nbsp;<\/p>\n\n\n\n<p>Cette nouvelle acquisition en attente de travaux d\u00e9finitifs pourrait bien se transformer en un foyer d\u2019h\u00e9bergement temporaire avec convention dans l&#8217;int\u00e9r\u00eat des sans-abris. C\u2019est ce que nous souhaitons.<\/p>\n\n\n\n<p>Nous voterons bien s\u00fbr pour cette d\u00e9lib\u00e9ration.<\/p>\n","protected":false},"excerpt":{"rendered":"<p>Par Danielle CARASCO Le b\u00e2timent de la CPAM que nous allons s\u00fbrement acqu\u00e9rir apr\u00e8s le vote du conseil municipal est rest\u00e9 vide une petite ann\u00e9e, en face de la mairie et sous nos yeux. Ce lieu restera vide \u00e0 moyen terme, en attendant les travaux. On ne peut pas y rester insensibles, car la vacance&#8230;<\/p>\n","protected":false},"author":1,"featured_media":0,"comment_status":"open","ping_status":"open","sticky":false,"template":"","format":"standard","meta":[],"categories":[1],"tags":[53,43,180],"_links":{"self":[{"href":"https:\/\/villeurbanne-insoumise-ensemble.fr\/index.php?rest_route=\/wp\/v2\/posts\/2261"}],"collection":[{"href":"https:\/\/villeurbanne-insoumise-ensemble.fr\/index.php?rest_route=\/wp\/v2\/posts"}],"about":[{"href":"https:\/\/villeurbanne-insoumise-ensemble.fr\/index.php?rest_route=\/wp\/v2\/types\/post"}],"author":[{"embeddable":true,"href":"https:\/\/villeurbanne-insoumise-ensemble.fr\/index.php?rest_route=\/wp\/v2\/users\/1"}],"replies":[{"embeddable":true,"href":"https:\/\/villeurbanne-insoumise-ensemble.fr\/index.php?rest_route=%2Fwp%2Fv2%2Fcomments&post=2261"}],"version-history":[{"count":2,"href":"https:\/\/villeurbanne-insoumise-ensemble.fr\/index.php?rest_route=\/wp\/v2\/posts\/2261\/revisions"}],"predecessor-version":[{"id":2272,"href":"https:\/\/villeurbanne-insoumise-ensemble.fr\/index.php?rest_route=\/wp\/v2\/posts\/2261\/revisions\/2272"}],"wp:attachment":[{"href":"https:\/\/villeurbanne-insoumise-ensemble.fr\/index.php?rest_route=%2Fwp%2Fv2%2Fmedia&parent=2261"}],"wp:term":[{"taxonomy":"category","embeddable":true,"href":"https:\/\/villeurbanne-insoumise-ensemble.fr\/index.php?rest_route=%2Fwp%2Fv2%2Fcategories&post=2261"},{"taxonomy":"post_tag","embeddable":true,"href":"https:\/\/villeurbanne-insoumise-ensemble.fr\/index.php?rest_route=%2Fwp%2Fv2%2Ftags&post=2261"}],"curies":[{"name":"wp","href":"https:\/\/api.w.org\/{rel}","templated":true}]}}