{"id":2257,"date":"2025-11-24T10:38:24","date_gmt":"2025-11-24T09:38:24","guid":{"rendered":"https:\/\/villeurbanne-insoumise-ensemble.fr\/?p=2257"},"modified":"2025-11-24T10:38:25","modified_gmt":"2025-11-24T09:38:25","slug":"la-bifurcation-ecologique-doit-advenir-dans-tous-les-domaines","status":"publish","type":"post","link":"https:\/\/villeurbanne-insoumise-ensemble.fr\/?p=2257","title":{"rendered":"La bifurcation \u00e9cologique doit advenir dans tous les domaines !"},"content":{"rendered":"\n<p><em>Par Morgane GUILLAS<\/em><\/p>\n\n\n\n<figure class=\"wp-block-embed is-type-video is-provider-youtube wp-block-embed-youtube wp-embed-aspect-16-9 wp-has-aspect-ratio\"><div class=\"wp-block-embed__wrapper\">\n<iframe loading=\"lazy\" title=\"Morgane GUILLAS - La bifurcation \u00e9cologique doit advenir dans tous les domaines !\" width=\"640\" height=\"360\" src=\"https:\/\/www.youtube.com\/embed\/_CI7uaUhl6I?feature=oembed\" frameborder=\"0\" allow=\"accelerometer; autoplay; clipboard-write; encrypted-media; gyroscope; picture-in-picture; web-share\" referrerpolicy=\"strict-origin-when-cross-origin\" allowfullscreen><\/iframe>\n<\/div><\/figure>\n\n\n\n<p>Plus le climat se d\u00e9r\u00e8gle et la biodiversit\u00e9 s\u2019effondre, plus les fossoyeurs de l\u2019environnement jaillissent de leurs puits de p\u00e9trole.<\/p>\n\n\n\n<p>Je souhaite aussi revenir sur la COP. 1&nbsp;602 participants, soit un sur 25 qui sont des&nbsp;lobbyistes des \u00e9nergies fossiles. C\u2019est le chiffre le plus grand qui a jamais \u00e9t\u00e9 enregistr\u00e9 pour une COP, qui est enregistr\u00e9 en ce moment m\u00eame au Br\u00e9sil. 22 \u00e9taient accr\u00e9dit\u00e9s par la France, dont 5 d\u00e9pendent de l\u2019entreprise p\u00e9troli\u00e8re Total.<\/p>\n\n\n\n<p>Malheureusement, c\u2019est en totale coh\u00e9rence avec les orientations nationales du moment. Le gouvernement veut en effet guillotiner le budget de l\u2019\u00e9cologie avec 17.5% de diminution pour 2026 apr\u00e8s l\u2019avoir d\u00e9j\u00e0 amput\u00e9 de plus de 11% en 2025. A l\u2019heure o\u00f9 il faudrait acc\u00e9l\u00e9rer consid\u00e9rablement la bifurcation \u00e9cologique aux \u00e9chelles internationales et locales, ces reculs nous inqui\u00e8tent \u00e9norm\u00e9ment et touchent d\u2019abord les plus pr\u00e9caires. L\u00e0-bas, c\u2019est l\u2019acc\u00e9l\u00e9ration des al\u00e9as climatiques extr\u00eames dans les pays pauvres&nbsp;; ici, c\u2019est la pr\u00e9carit\u00e9 \u00e9nerg\u00e9tique, la nourriture de mauvaise qualit\u00e9 ou encore la pollution de l\u2019air.<\/p>\n\n\n\n<p>Nous voulions lier les deux d\u00e9lib\u00e9rations dans notre intervention, puisque le label Climat, Air Energie et le rapport sur la transition \u00e9cologique actent bien que la bifurcation \u00e9cologique doit advenir dans tous les domaines de la vie.<\/p>\n\n\n\n<p>Cette transversalit\u00e9, on la voit dans les changements op\u00e9r\u00e9s ces derni\u00e8res ann\u00e9es&nbsp;dans notre ville, via l\u2019isolation et r\u00e9novation d\u2019\u00e9coles comme celle de Croix-Luizet, les nouvelles lignes de tramway T6 et T9 et de BHNS pour offrir des alternatives \u00e0 la voiture individuelle, la cr\u00e9ation de nouveaux parcs, comme \u00e0 Rapha\u00ebl de Barros, et de plus de 2000m\u00b2 de jardins, avec la diminution de nos d\u00e9chets avec le passage \u00e0 l\u2019inox dans toutes nos cantines.<\/p>\n\n\n\n<p>Je ne peux bien s\u00fbr pas citer tous les changements advenus ces derni\u00e8res ann\u00e9es. Ils sont l\u2019amorce d\u2019une bifurcation \u00e9cologique qu\u2019il est n\u00e9cessaire de poursuivre et d\u2019acc\u00e9l\u00e9rer, pour rester dans les limites plan\u00e9taires, mais \u00e9galement pour rendre acceptable les cons\u00e9quences du changement climatique d\u00e9j\u00e0 amorc\u00e9 dans notre ville, tout en r\u00e9pondant aux besoins de la population.<\/p>\n\n\n\n<p>Les canicules que nous connaissons d\u00e9sormais chaque \u00e9t\u00e9 font toujours souffrir celles et ceux dont la sant\u00e9 est la plus fragile, et dont les logements ne sont pas adapt\u00e9s aux chaleurs suffocantes. Par les actions men\u00e9es dans notre ville, nous esp\u00e9rons rendre visible les changements indispensables \u00e0 mener et susciter un sursaut collectif. Rappelons que, d\u2019apr\u00e8s le secr\u00e9tariat g\u00e9n\u00e9ral \u00e0 la planification \u00e9cologique, si 25% des actions de planification n\u00e9cessaires au respect des accords de Paris sont \u00e0 mener par les collectivit\u00e9s, ce sont les entreprises qui doivent fournir le plus gros des efforts avec au moins 50% de contribution.<\/p>\n","protected":false},"excerpt":{"rendered":"<p>Par Morgane GUILLAS Plus le climat se d\u00e9r\u00e8gle et la biodiversit\u00e9 s\u2019effondre, plus les fossoyeurs de l\u2019environnement jaillissent de leurs puits de p\u00e9trole. Je souhaite aussi revenir sur la COP. 1&nbsp;602 participants, soit un sur 25 qui sont des&nbsp;lobbyistes des \u00e9nergies fossiles. C\u2019est le chiffre le plus grand qui a jamais \u00e9t\u00e9 enregistr\u00e9 pour une&#8230;<\/p>\n","protected":false},"author":1,"featured_media":0,"comment_status":"open","ping_status":"open","sticky":false,"template":"","format":"standard","meta":[],"categories":[1],"tags":[181,183],"_links":{"self":[{"href":"https:\/\/villeurbanne-insoumise-ensemble.fr\/index.php?rest_route=\/wp\/v2\/posts\/2257"}],"collection":[{"href":"https:\/\/villeurbanne-insoumise-ensemble.fr\/index.php?rest_route=\/wp\/v2\/posts"}],"about":[{"href":"https:\/\/villeurbanne-insoumise-ensemble.fr\/index.php?rest_route=\/wp\/v2\/types\/post"}],"author":[{"embeddable":true,"href":"https:\/\/villeurbanne-insoumise-ensemble.fr\/index.php?rest_route=\/wp\/v2\/users\/1"}],"replies":[{"embeddable":true,"href":"https:\/\/villeurbanne-insoumise-ensemble.fr\/index.php?rest_route=%2Fwp%2Fv2%2Fcomments&post=2257"}],"version-history":[{"count":1,"href":"https:\/\/villeurbanne-insoumise-ensemble.fr\/index.php?rest_route=\/wp\/v2\/posts\/2257\/revisions"}],"predecessor-version":[{"id":2258,"href":"https:\/\/villeurbanne-insoumise-ensemble.fr\/index.php?rest_route=\/wp\/v2\/posts\/2257\/revisions\/2258"}],"wp:attachment":[{"href":"https:\/\/villeurbanne-insoumise-ensemble.fr\/index.php?rest_route=%2Fwp%2Fv2%2Fmedia&parent=2257"}],"wp:term":[{"taxonomy":"category","embeddable":true,"href":"https:\/\/villeurbanne-insoumise-ensemble.fr\/index.php?rest_route=%2Fwp%2Fv2%2Fcategories&post=2257"},{"taxonomy":"post_tag","embeddable":true,"href":"https:\/\/villeurbanne-insoumise-ensemble.fr\/index.php?rest_route=%2Fwp%2Fv2%2Ftags&post=2257"}],"curies":[{"name":"wp","href":"https:\/\/api.w.org\/{rel}","templated":true}]}}