{"id":2252,"date":"2025-11-01T16:52:00","date_gmt":"2025-11-01T15:52:00","guid":{"rendered":"https:\/\/villeurbanne-insoumise-ensemble.fr\/?p=2252"},"modified":"2025-11-05T16:53:34","modified_gmt":"2025-11-05T15:53:34","slug":"les-drogues-sont-un-probleme-de-sante-publique","status":"publish","type":"post","link":"https:\/\/villeurbanne-insoumise-ensemble.fr\/?p=2252","title":{"rendered":"Les drogues sont un probl\u00e8me de sant\u00e9 publique !"},"content":{"rendered":"\n<p>Malgr\u00e9 la vid\u00e9osurveillance et les effectifs de police mobilis\u00e9s \u00e0 Villeurbanne, nous constatons toujours du trafic et de la consommation de drogues dans notre ville. Chass\u00e9s du Tonkin, ils se d\u00e9placent d\u00e9sormais vers le quartier de Cusset et le parc de la Commune.<\/p>\n\n\n\n<p>Voir ce probl\u00e8me uniquement sous l\u2019angle s\u00e9curitaire ne le solutionne pas : les trafics se d\u00e9placent.&nbsp;<\/p>\n\n\n\n<p>Il faut donc aller \u00e0 la racine du probl\u00e8me. La consommation de drogues est un probl\u00e8me de sant\u00e9 publique, une addiction dont les causes et facteurs de risque sont complexes et r\u00e9sultent souvent d&#8217;une interaction entre plusieurs \u00e9l\u00e9ments (environnementaux, g\u00e9n\u00e9tiques, psychologiques). C\u2019est une situation \u00e0 envisager globalement sur ses causes (troubles en sant\u00e9 mentale, souffrance au travail, absence de perspectives, discriminations\u2026) et sur les politiques de r\u00e9duction des risques.&nbsp;<\/p>\n\n\n\n<p>Certaines sont d\u00e9j\u00e0 test\u00e9es en Europe et en France. A Gen\u00e8ve, depuis 20 ans, une salle de consommation a permis d\u2019\u00e9radiquer la transmission du VIH et de faire drastiquement diminuer la mortalit\u00e9 par overdose. La m\u00eame chose est constat\u00e9e \u00e0 Paris et Strasbourg, avec notamment la diminution par trois des seringues abandonn\u00e9es dans la rue.<\/p>\n\n\n\n<p>L\u2019agence de l\u2019Union Europ\u00e9enne sur les drogues propose \u00e9galement des \u00ab r\u00e9ponses sanitaires et sociales \u00bb distinctes de la r\u00e9pression. D\u2019une part, la pr\u00e9vention pour tous\u00b7tes ou cibl\u00e9e : au sein de la famille, \u00e0 l\u2019\u00e9cole, en milieu professionnel et dans l\u2019environnement, pour \u00ab faire du choix sain l\u2019option la plus ais\u00e9e \u00bb. Elle propose \u00e9galement de favoriser la r\u00e9insertion sociale, professionnelle et par le logement, de consommateurs souvent marginalis\u00e9s, auxquels on pourrait ajouter les \u00ab petites mains \u00bb du deal, souvent eux-m\u00eames victimes de plus gros trafiquants.&nbsp;<\/p>\n\n\n\n<p>Enfin, la l\u00e9galisation nationale du cannabis permettrait aux consommateurs de sortir de leur isolement pour demander de l\u2019aide, et lib\u00e9rerait du temps pour des enqu\u00eates de police et de justice vers des trafics de drogues \u00e0 plus haut risque.&nbsp;<\/p>\n","protected":false},"excerpt":{"rendered":"<p>Malgr\u00e9 la vid\u00e9osurveillance et les effectifs de police mobilis\u00e9s \u00e0 Villeurbanne, nous constatons toujours du trafic et de la consommation de drogues dans notre ville. Chass\u00e9s du Tonkin, ils se d\u00e9placent d\u00e9sormais vers le quartier de Cusset et le parc de la Commune. Voir ce probl\u00e8me uniquement sous l\u2019angle s\u00e9curitaire ne le solutionne pas :&#8230;<\/p>\n","protected":false},"author":1,"featured_media":0,"comment_status":"open","ping_status":"open","sticky":false,"template":"","format":"standard","meta":[],"categories":[197,17],"tags":[140,184],"_links":{"self":[{"href":"https:\/\/villeurbanne-insoumise-ensemble.fr\/index.php?rest_route=\/wp\/v2\/posts\/2252"}],"collection":[{"href":"https:\/\/villeurbanne-insoumise-ensemble.fr\/index.php?rest_route=\/wp\/v2\/posts"}],"about":[{"href":"https:\/\/villeurbanne-insoumise-ensemble.fr\/index.php?rest_route=\/wp\/v2\/types\/post"}],"author":[{"embeddable":true,"href":"https:\/\/villeurbanne-insoumise-ensemble.fr\/index.php?rest_route=\/wp\/v2\/users\/1"}],"replies":[{"embeddable":true,"href":"https:\/\/villeurbanne-insoumise-ensemble.fr\/index.php?rest_route=%2Fwp%2Fv2%2Fcomments&post=2252"}],"version-history":[{"count":1,"href":"https:\/\/villeurbanne-insoumise-ensemble.fr\/index.php?rest_route=\/wp\/v2\/posts\/2252\/revisions"}],"predecessor-version":[{"id":2253,"href":"https:\/\/villeurbanne-insoumise-ensemble.fr\/index.php?rest_route=\/wp\/v2\/posts\/2252\/revisions\/2253"}],"wp:attachment":[{"href":"https:\/\/villeurbanne-insoumise-ensemble.fr\/index.php?rest_route=%2Fwp%2Fv2%2Fmedia&parent=2252"}],"wp:term":[{"taxonomy":"category","embeddable":true,"href":"https:\/\/villeurbanne-insoumise-ensemble.fr\/index.php?rest_route=%2Fwp%2Fv2%2Fcategories&post=2252"},{"taxonomy":"post_tag","embeddable":true,"href":"https:\/\/villeurbanne-insoumise-ensemble.fr\/index.php?rest_route=%2Fwp%2Fv2%2Ftags&post=2252"}],"curies":[{"name":"wp","href":"https:\/\/api.w.org\/{rel}","templated":true}]}}