{"id":225,"date":"2021-07-06T12:01:41","date_gmt":"2021-07-06T10:01:41","guid":{"rendered":"http:\/\/villeurbanne-insoumise-ensemble.fr\/?p=225"},"modified":"2023-11-22T16:08:20","modified_gmt":"2023-11-22T15:08:20","slug":"aucune-raison-valable-nexiste-pour-conserver-la-dsp","status":"publish","type":"post","link":"https:\/\/villeurbanne-insoumise-ensemble.fr\/?p=225","title":{"rendered":"Aucune raison valable n\u2019existe pour conserver la DSP !"},"content":{"rendered":"\n<p><em>Par Julien Ravello<\/em><\/p>\n\n\n\n<figure class=\"wp-block-embed is-type-video is-provider-youtube wp-block-embed-youtube wp-embed-aspect-16-9 wp-has-aspect-ratio\"><div class=\"wp-block-embed__wrapper\">\n<iframe loading=\"lazy\" title=\"Julien Ravello - Intervention - D\u00e9l\u00e9gation de service public en cr\u00e8ches\" width=\"640\" height=\"360\" src=\"https:\/\/www.youtube.com\/embed\/qcv6hsW7c0I?feature=oembed\" frameborder=\"0\" allow=\"accelerometer; autoplay; clipboard-write; encrypted-media; gyroscope; picture-in-picture\" allowfullscreen><\/iframe>\n<\/div><\/figure>\n\n\n\n<p>Le 28 septembre 2017, Olivier Gl\u00fcck, pour le groupe Europe \u00c9cologie Les Verts Front de Gauche, commen\u00e7ait son intervention ainsi : \u00ab&nbsp;<em>Vous nous demandez d\u2019approuver le principe de recours \u00e0 une d\u00e9l\u00e9gation de service public (DSP) pour la gestion de la future cr\u00e8che de la ZAC Maisons-Neuves. Vous n\u2019aurez pas notre approbation [\u2026]. Nous consid\u00e9rons qu\u2019\u00e0 travers cette d\u00e9l\u00e9gation de service public, vous faites un choix de soci\u00e9t\u00e9 qui n\u2019est pas le n\u00f4tre.&nbsp;<\/em>\u00bb<\/p>\n\n\n\n<p>Je vous invite \u00e0 relire la suite de cette intervention que notre groupe partage toujours enti\u00e8rement, car contrairement \u00e0 ce qu\u2019a dit madame l\u2019adjointe, ce n\u2019est pas juridique mais pour nous, politique.<\/p>\n\n\n\n<p>Parlons chiffres maintenant. 30 \u00e0 50 millions d\u2019euros : c\u2019est ce qu\u2019ont investi la banque Rothschild et d\u2019autres fonds d\u2019investissement dans le capital de grandes entreprises de cr\u00e8che. Et alors que ces mastodontes en puissance r\u00e9cup\u00e8rent toujours plus de parts de march\u00e9, les communes leur d\u00e9roulent en plus &nbsp;le tapis rouge et font exploser le nombre de cr\u00e8ches en DSP.&nbsp;<\/p>\n\n\n\n<p>L\u2019argent du service public ne devrait jamais servir \u00e0 engraisser une entreprise priv\u00e9e. On pourrait penser que la DSP Jean-Jacques Rousseau est \u00e9pargn\u00e9e, mais c\u2019est faux : vous avez vu comme nous dans le rapport de la CCSPL que l\u2019entreprise L\u00e9a et L\u00e9o a augment\u00e9 par exemple ses frais de si\u00e8ge de plus de 4 000\u20ac. Pourquoi ? Pour ses propres projets de d\u00e9veloppement et c\u2019est \u00e9crit noir sur blanc ! Nous l\u2019avons d\u00e9j\u00e0 dit, nous le r\u00e9p\u00e9tons aujourd\u2019hui : chaque euro investit dans le service public doit rester dans le service public au service des usagers et des professionnels.<\/p>\n\n\n\n<p>Parlons&nbsp; justement des professionnels. Vous le dites vous-m\u00eame dans la d\u00e9lib\u00e9ration : <em>\u00ab le co\u00fbt des ressources humaines est plus important en r\u00e9gie municipale<\/em> \u00bb. Oui, le co\u00fbt des ressources humaines est plus important en r\u00e9gie municipale. Et c\u2019est tant mieux ! Vous en tirez la conclusion qu\u2019une DSP est pr\u00e9f\u00e9rable parce qu\u2019elle co\u00fbtera moins cher \u00e0 la commune ; nous en tirons la conclusion inverse ! La variable d\u2019ajustement du service public ne devrait jamais \u00eatre le personnel. Car ce sont eux, et souvent elles, qui sont nos premi\u00e8res de cord\u00e9es. Le service public leur garantit un salaire progressif, la s\u00e9curit\u00e9 de l\u2019emploi, des syndicats pour les repr\u00e9senter. Comment nous, majorit\u00e9 de gauche, pourrait-on accepter de les priver de tous ces avantages ?&nbsp;<\/p>\n\n\n\n<p>Vous allez nous dire qu\u2019il est plus facile de recruter des personnels qualifi\u00e9s dans le priv\u00e9 que dans le public, qu\u2019il y a moins d\u2019arr\u00eats-maladie, d\u2019absent\u00e9isme. Mais le d\u00e9l\u00e9gataire est confront\u00e9 aux m\u00eames probl\u00e8mes. Il suffit de regarder son rapport pour lire, je cite, la \u00ab difficult\u00e9 de recrutement de personnels dipl\u00f4m\u00e9s \u00bb. Justifier la DSP parce qu\u2019on pense qu\u2019on n\u2019arrivera pas \u00e0 recruter suffisamment est donc absurde puisque c\u2019est le m\u00eame probl\u00e8me dans le priv\u00e9, d\u2019ailleurs vous l\u2019avez dit c\u2019est un probl\u00e8me structurel.<\/p>\n\n\n\n<p>On s&#8217;interdit de cr\u00e9er une cr\u00e8che en r\u00e9gie parce qu&#8217;elle co\u00fbterait 200 000\u20ac, sur un budget 2021 de fonctionnement de plus de 134 millions d&#8217;euros ! On aurait donc pu sans doute trouver collectivement ces 200 000\u20ac. Vous allez nous dire que (re)municipaliser cette cr\u00e8che nous emp\u00eacherait de cr\u00e9er les 90 berceaux suppl\u00e9mentaires pr\u00e9vus dans le programme. Nous pensons que c&#8217;est faux.&nbsp;D\u2019ailleurs au vu de la pr\u00e9sentation de madame l\u2019adjointe, nous esp\u00e9rons que les prochaines cr\u00e8ches seront bien en r\u00e9gie municipales et qu\u2019on ne fera pas de nouveau des \u00e9conomies.<\/p>\n\n\n\n<p>Je vous le r\u00e9p\u00e8te : aucune raison valable n\u2019existe pour conserver cette cr\u00e8che en DSP. Le service public de la petite enfance que nous appelons de nos v\u0153ux nationalement est aussi essentiel que l&#8217;\u00e9ducation. Jonathan Bocquet d\u2019ailleurs pour le groupe Cercle Radical Villeurbanne et Place Publique l\u2019ai dit tout \u00e0 l\u2019heure dans son intervention sur les \u00e9coles priv\u00e9es. Nous nous devons d\u2019y mettre les moyens pour les besoins des enfants et des parents, en gardant la ma\u00eetrise compl\u00e8te du service et donc du personnel, pour faire un travail que la Ville sait faire, comme pour toutes les autres cr\u00e8ches de Villeurbanne d\u2019ailleurs.<\/p>\n\n\n\n<p>Nous aurions donc vot\u00e9 pour une d\u00e9lib\u00e9ration de remunicipalisation de la cr\u00e8che Jean-Jacques Rousseau. Nous restons coh\u00e9rents avec nos valeurs et nos votes des ann\u00e9es pr\u00e9c\u00e9dentes et voterons contre cette d\u00e9lib\u00e9ration nous proposant de reconduire la d\u00e9l\u00e9gation.<\/p>\n\n\n\n<p>Chers coll\u00e8gues, vous ne pouvez pas voter cette d\u00e9lib\u00e9ration sans prendre tout cela en consid\u00e9ration et sans \u00eatre conscients du choix politique que votre vote ent\u00e9rinera.<\/p>\n","protected":false},"excerpt":{"rendered":"<p>Je vous le r\u00e9p\u00e8te : aucune raison valable n\u2019existe pour conserver cette cr\u00e8che en DSP. Le service public de la petite enfance que nous appelons de nos v\u0153ux nationalement est aussi essentiel que l&#8217;\u00e9ducation. Nous nous devons d\u2019y mettre les moyens pour les besoins des enfants et des parents, en gardant la ma\u00eetrise compl\u00e8te du service et donc du personnel.<\/p>\n","protected":false},"author":1,"featured_media":0,"comment_status":"open","ping_status":"open","sticky":false,"template":"","format":"standard","meta":[],"categories":[95,7,38],"tags":[46,44,43],"_links":{"self":[{"href":"https:\/\/villeurbanne-insoumise-ensemble.fr\/index.php?rest_route=\/wp\/v2\/posts\/225"}],"collection":[{"href":"https:\/\/villeurbanne-insoumise-ensemble.fr\/index.php?rest_route=\/wp\/v2\/posts"}],"about":[{"href":"https:\/\/villeurbanne-insoumise-ensemble.fr\/index.php?rest_route=\/wp\/v2\/types\/post"}],"author":[{"embeddable":true,"href":"https:\/\/villeurbanne-insoumise-ensemble.fr\/index.php?rest_route=\/wp\/v2\/users\/1"}],"replies":[{"embeddable":true,"href":"https:\/\/villeurbanne-insoumise-ensemble.fr\/index.php?rest_route=%2Fwp%2Fv2%2Fcomments&post=225"}],"version-history":[{"count":4,"href":"https:\/\/villeurbanne-insoumise-ensemble.fr\/index.php?rest_route=\/wp\/v2\/posts\/225\/revisions"}],"predecessor-version":[{"id":250,"href":"https:\/\/villeurbanne-insoumise-ensemble.fr\/index.php?rest_route=\/wp\/v2\/posts\/225\/revisions\/250"}],"wp:attachment":[{"href":"https:\/\/villeurbanne-insoumise-ensemble.fr\/index.php?rest_route=%2Fwp%2Fv2%2Fmedia&parent=225"}],"wp:term":[{"taxonomy":"category","embeddable":true,"href":"https:\/\/villeurbanne-insoumise-ensemble.fr\/index.php?rest_route=%2Fwp%2Fv2%2Fcategories&post=225"},{"taxonomy":"post_tag","embeddable":true,"href":"https:\/\/villeurbanne-insoumise-ensemble.fr\/index.php?rest_route=%2Fwp%2Fv2%2Ftags&post=225"}],"curies":[{"name":"wp","href":"https:\/\/api.w.org\/{rel}","templated":true}]}}