{"id":223,"date":"2021-07-06T11:37:16","date_gmt":"2021-07-06T09:37:16","guid":{"rendered":"http:\/\/villeurbanne-insoumise-ensemble.fr\/?p=223"},"modified":"2023-11-22T16:07:43","modified_gmt":"2023-11-22T15:07:43","slug":"villeurbanne-a-fait-le-choix-de-ne-pas-restreindre-le-droit-de-greve","status":"publish","type":"post","link":"https:\/\/villeurbanne-insoumise-ensemble.fr\/?p=223","title":{"rendered":"Villeurbanne a fait le choix de ne pas restreindre le droit de gr\u00e8ve !"},"content":{"rendered":"\n<p><em>Par Danielle Carasco<\/em><\/p>\n\n\n\n<figure class=\"wp-block-embed is-type-video is-provider-youtube wp-block-embed-youtube wp-embed-aspect-16-9 wp-has-aspect-ratio\"><div class=\"wp-block-embed__wrapper\">\n<iframe loading=\"lazy\" title=\"Danielle Carasco - Intervention - Gr\u00e8ve secteur p\u00e9riscolaire\" width=\"640\" height=\"360\" src=\"https:\/\/www.youtube.com\/embed\/Nx5vEn9K_Yw?feature=oembed\" frameborder=\"0\" allow=\"accelerometer; autoplay; clipboard-write; encrypted-media; gyroscope; picture-in-picture\" allowfullscreen><\/iframe>\n<\/div><\/figure>\n\n\n\n<p>Nous allons nous r\u00e9p\u00e9ter mais j\u2019arrive en quatri\u00e8me position\u00a0! La loi transformation de la fonction publique de 2019 dans son article 56 permet d&#8217;encadrer le droit de gr\u00e8ve dans les services publics municipaux n\u00e9cessitant une certaine continuit\u00e9 de service en cas de mouvement social. L&#8217;accueil des enfants \u00e0 l&#8217;\u00e9cole sur les temps p\u00e9riscolaires en fait partie et c&#8217;est l&#8217;objet de cette d\u00e9lib\u00e9ration.<\/p>\n\n\n\n<p>Trois dispositions sont possibles, vous le savez d\u00e9j\u00e0, mais je continue : le d\u00e9lai de pr\u00e9venance obligatoire 48h avant le mouvement social, la mise en place d&#8217;un service minimum et la gr\u00e8ve \u00e0 la prise de poste.<\/p>\n\n\n\n<p>Notre groupe est oppos\u00e9 \u00e0 de nombreux articles de cette loi macroniste, en particulier, pour ce qui concerne cet article 56, \u00e0 la mise en place d&#8217;un service minimum extr\u00eamement restrictif pour le droit de gr\u00e8ve qui rappelons-le est un droit constitutionnel proclam\u00e9 par l&#8217;alin\u00e9a 7 du pr\u00e9ambule de la constitution de 1946. \u00c7a fait du bien de le r\u00e9p\u00e9ter.<\/p>\n\n\n\n<p>Il fait partie int\u00e9grante de toutes les luttes sociales qui ont abouti aux victoires et aux conquis sociaux dont nous b\u00e9n\u00e9ficions aujourd\u2019hui. Premiers cong\u00e9s pay\u00e9s, libert\u00e9 syndicale, semaine de 40 heures en 1936 ; mais plus r\u00e9cemment, la 4e semaine de cong\u00e9s pay\u00e9s en 1968 ; ou m\u00eame le recul du gouvernement sur la r\u00e9forme des retraites en 2020 ! Et nous esp\u00e9rons bien que, si ce dernier sujet est remis sur la table comme cela se murmure derni\u00e8rement, une mobilisation massive fasse de nouveau reculer les ultra-lib\u00e9raux.<\/p>\n\n\n\n<p>La mise en place d&#8217;un service minimum qui consiste \u00e0 remplacer des agent.es gr\u00e9vistes pour maintenir un accueil syst\u00e9matique n&#8217;est pas propos\u00e9 dans cette d\u00e9lib\u00e9ration et nous nous en f\u00e9licitons. La seule mise en place du d\u00e9lai de pr\u00e9venance permet \u00e0 la fois de respecter le droit de gr\u00e8ve tout en garantissant la s\u00e9curit\u00e9 des enfants qui, rappelons-le, sont sous la responsabilit\u00e9 de la ville sur les temps p\u00e9riscolaires.<\/p>\n\n\n\n<p>Le d\u00e9lai de pr\u00e9venance permet de ne maintenir un accueil que si les conditions d&#8217;encadrement des enfants le permettent. Dans le cas contraire, l&#8217;accueil p\u00e9riscolaire peut \u00eatre ferm\u00e9 avec information aux familles l&#8217;avant-veille.<\/p>\n\n\n\n<p>Alors que de nombreuses autres collectivit\u00e9s ont fait le choix de maintenir un accueil avec des taux d&#8217;encadrement fortement d\u00e9grad\u00e9s, parfois avec la mise en place de la gr\u00e8ve \u00e0 la prise de poste et\/ou d&#8217;un service minimum, Villeurbanne fait le choix de ne pas restreindre le droit de gr\u00e8ve, de s\u00e9curiser l&#8217;accueil des enfants en cas d&#8217;accueil, et d&#8217;informer les familles suffisamment \u00e0 l&#8217;avance afin, qu&#8217;elles puissent s&#8217;organiser. C&#8217;est pourquoi nous voterons pour cette d\u00e9lib\u00e9ration.<\/p>\n","protected":false},"excerpt":{"rendered":"<p>Alors que de nombreuses autres collectivit\u00e9s ont fait le choix de maintenir un accueil avec des taux d&#8217;encadrement fortement d\u00e9grad\u00e9s, parfois avec la mise en place de la gr\u00e8ve \u00e0 la prise de poste et\/ou d&#8217;un service minimum, Villeurbanne fait le choix de ne pas restreindre le droit de gr\u00e8ve, de s\u00e9curiser l&#8217;accueil des enfants en cas d&#8217;accueil, et d&#8217;informer les familles suffisamment \u00e0 l&#8217;avance afin, qu&#8217;elles puissent s&#8217;organiser. <\/p>\n","protected":false},"author":1,"featured_media":0,"comment_status":"open","ping_status":"open","sticky":false,"template":"","format":"standard","meta":[],"categories":[95,7,38],"tags":[43,182],"_links":{"self":[{"href":"https:\/\/villeurbanne-insoumise-ensemble.fr\/index.php?rest_route=\/wp\/v2\/posts\/223"}],"collection":[{"href":"https:\/\/villeurbanne-insoumise-ensemble.fr\/index.php?rest_route=\/wp\/v2\/posts"}],"about":[{"href":"https:\/\/villeurbanne-insoumise-ensemble.fr\/index.php?rest_route=\/wp\/v2\/types\/post"}],"author":[{"embeddable":true,"href":"https:\/\/villeurbanne-insoumise-ensemble.fr\/index.php?rest_route=\/wp\/v2\/users\/1"}],"replies":[{"embeddable":true,"href":"https:\/\/villeurbanne-insoumise-ensemble.fr\/index.php?rest_route=%2Fwp%2Fv2%2Fcomments&post=223"}],"version-history":[{"count":2,"href":"https:\/\/villeurbanne-insoumise-ensemble.fr\/index.php?rest_route=\/wp\/v2\/posts\/223\/revisions"}],"predecessor-version":[{"id":249,"href":"https:\/\/villeurbanne-insoumise-ensemble.fr\/index.php?rest_route=\/wp\/v2\/posts\/223\/revisions\/249"}],"wp:attachment":[{"href":"https:\/\/villeurbanne-insoumise-ensemble.fr\/index.php?rest_route=%2Fwp%2Fv2%2Fmedia&parent=223"}],"wp:term":[{"taxonomy":"category","embeddable":true,"href":"https:\/\/villeurbanne-insoumise-ensemble.fr\/index.php?rest_route=%2Fwp%2Fv2%2Fcategories&post=223"},{"taxonomy":"post_tag","embeddable":true,"href":"https:\/\/villeurbanne-insoumise-ensemble.fr\/index.php?rest_route=%2Fwp%2Fv2%2Ftags&post=223"}],"curies":[{"name":"wp","href":"https:\/\/api.w.org\/{rel}","templated":true}]}}