{"id":2218,"date":"2025-10-07T13:16:04","date_gmt":"2025-10-07T11:16:04","guid":{"rendered":"https:\/\/villeurbanne-insoumise-ensemble.fr\/?p=2218"},"modified":"2025-10-22T09:41:45","modified_gmt":"2025-10-22T07:41:45","slug":"videosurveillance-et-depots-sauvages-non-probant","status":"publish","type":"post","link":"https:\/\/villeurbanne-insoumise-ensemble.fr\/?p=2218","title":{"rendered":"Vid\u00e9osurveillance et d\u00e9p\u00f4ts sauvages : non probant !"},"content":{"rendered":"\n<p><em>Par Ga\u00ebtan CONSTANT<\/em><\/p>\n\n\n\n<figure class=\"wp-block-embed is-type-video is-provider-youtube wp-block-embed-youtube wp-embed-aspect-16-9 wp-has-aspect-ratio\"><div class=\"wp-block-embed__wrapper\">\n<iframe loading=\"lazy\" title=\"Ga\u00ebtan CONSTANT - Vid\u00e9osurveillance et d\u00e9p\u00f4ts sauvages : non probant !\" width=\"640\" height=\"360\" src=\"https:\/\/www.youtube.com\/embed\/ISNsWgN7YNU?feature=oembed\" frameborder=\"0\" allow=\"accelerometer; autoplay; clipboard-write; encrypted-media; gyroscope; picture-in-picture; web-share\" referrerpolicy=\"strict-origin-when-cross-origin\" allowfullscreen><\/iframe>\n<\/div><\/figure>\n\n\n\n<p>Il y a un an, nous avions vot\u00e9 avec vous une exp\u00e9rimentation pour la surveillance et la verbalisation des d\u00e9p\u00f4ts sauvages de d\u00e9chets par vid\u00e9o. Nous sommes bien d\u2019accord que le d\u00e9p\u00f4t sauvage de 2 tonnes de d\u00e9chets par jour c&#8217;est tr\u00e8s probl\u00e9matique, puisque \u00e7a g\u00e9n\u00e8re pollutions, d\u00e9gradation du cadre de vie, probl\u00e8mes sanitaires, etc.<\/p>\n\n\n\n<p>On a alors d\u00e9cid\u00e9 de laisser nos id\u00e9es dans notre poche, de tenter de nous faire convaincre et de ne pas lever les yeux au ciel, pour voir ce que ces cam\u00e9ras pouvaient donner.<\/p>\n\n\n\n<p>A l\u2019issue de ces 6 mois, nous attendions donc un retour avant la p\u00e9rennisation du dispositif. Et le voici\u2026 r\u00e9sum\u00e9 en seulement deux pages de d\u00e9lib\u00e9ration ! On reste un peu sur notre faim\u2026<\/p>\n\n\n\n<p>C&#8217;est une des raisons pour lesquelles on ne trouve pas convaincante l\u2019exp\u00e9rimentation men\u00e9e par la ville pour diminuer par vid\u00e9oprotection le d\u00e9p\u00f4t de ces d\u00e9chets.<\/p>\n\n\n\n<p>Vous nous avez expliqu\u00e9 que la petite dizaine d\u2019amendes n\u2019est qu\u2019une part des infractions, et que les verbalisations seront comptabilis\u00e9es quand le personnel municipal trouvera le temps. Mais un an nous semble une p\u00e9riode assez longue pour produire plus de 13 contraventions. Et si, pour des raisons internes \u00e0 la mairie, les 6 mois d\u2019exp\u00e9rimentation ne refl\u00e9taient pas le fonctionnement normal des services, pourquoi ne pas prolonger l\u2019exp\u00e9rimentation plut\u00f4t que de la p\u00e9renniser ?<\/p>\n\n\n\n<p>Et puis, si on voulait stopper tous les d\u00e9p\u00f4ts sauvages, il faudrait mettre des cam\u00e9ras mobiles partout. C&#8217;est logique : le nombre de points de d\u00e9p\u00f4ts est aussi important qu\u2019est vaste l\u2019imagination des personnes qui abandonnent leurs d\u00e9chets.<\/p>\n\n\n\n<p>Les efforts des agent\u00b7es municipaux devraient plut\u00f4t porter sur le contact humain. Il est plus efficace \u00e0 long terme avec des contraventions donn\u00e9es de \u00ab la main \u00e0 la main \u00bb, pour discuter et se comprendre. Ce n\u2019est pas le cas avec une contravention vid\u00e9o d\u00e9sincarn\u00e9e. On pr\u00e9f\u00e8rerait aussi que le personnel municipal soit plut\u00f4t employ\u00e9 \u00e0 communiquer, et notamment sur le fait que la M\u00e9tropole propose d\u00e9sormais de ramasser les encombrants individuels.<\/p>\n\n\n\n<p>Contrairement \u00e0 ce qui est \u00e9crit, nous ne pensons pas que nous avons assez d\u2019\u00e9l\u00e9ments pour, je cite : \u00ab constater que l\u2019exp\u00e9rimentation est probante \u00bb. Au vu de ce qu&#8217;on lit et de ce que vous nous avez dit, nous constatons plut\u00f4t qu\u2019elle n\u2019est pas probante.<\/p>\n\n\n\n<p>Pour toutes ces raisons, notre groupe s\u2019abstiendra sur cette d\u00e9lib\u00e9ration.<\/p>\n","protected":false},"excerpt":{"rendered":"<p>Par Ga\u00ebtan CONSTANT Il y a un an, nous avions vot\u00e9 avec vous une exp\u00e9rimentation pour la surveillance et la verbalisation des d\u00e9p\u00f4ts sauvages de d\u00e9chets par vid\u00e9o. Nous sommes bien d\u2019accord que le d\u00e9p\u00f4t sauvage de 2 tonnes de d\u00e9chets par jour c&#8217;est tr\u00e8s probl\u00e9matique, puisque \u00e7a g\u00e9n\u00e8re pollutions, d\u00e9gradation du cadre de vie,&#8230;<\/p>\n","protected":false},"author":1,"featured_media":0,"comment_status":"open","ping_status":"open","sticky":false,"template":"","format":"standard","meta":[],"categories":[196,7],"tags":[181,184],"_links":{"self":[{"href":"https:\/\/villeurbanne-insoumise-ensemble.fr\/index.php?rest_route=\/wp\/v2\/posts\/2218"}],"collection":[{"href":"https:\/\/villeurbanne-insoumise-ensemble.fr\/index.php?rest_route=\/wp\/v2\/posts"}],"about":[{"href":"https:\/\/villeurbanne-insoumise-ensemble.fr\/index.php?rest_route=\/wp\/v2\/types\/post"}],"author":[{"embeddable":true,"href":"https:\/\/villeurbanne-insoumise-ensemble.fr\/index.php?rest_route=\/wp\/v2\/users\/1"}],"replies":[{"embeddable":true,"href":"https:\/\/villeurbanne-insoumise-ensemble.fr\/index.php?rest_route=%2Fwp%2Fv2%2Fcomments&post=2218"}],"version-history":[{"count":6,"href":"https:\/\/villeurbanne-insoumise-ensemble.fr\/index.php?rest_route=\/wp\/v2\/posts\/2218\/revisions"}],"predecessor-version":[{"id":2250,"href":"https:\/\/villeurbanne-insoumise-ensemble.fr\/index.php?rest_route=\/wp\/v2\/posts\/2218\/revisions\/2250"}],"wp:attachment":[{"href":"https:\/\/villeurbanne-insoumise-ensemble.fr\/index.php?rest_route=%2Fwp%2Fv2%2Fmedia&parent=2218"}],"wp:term":[{"taxonomy":"category","embeddable":true,"href":"https:\/\/villeurbanne-insoumise-ensemble.fr\/index.php?rest_route=%2Fwp%2Fv2%2Fcategories&post=2218"},{"taxonomy":"post_tag","embeddable":true,"href":"https:\/\/villeurbanne-insoumise-ensemble.fr\/index.php?rest_route=%2Fwp%2Fv2%2Ftags&post=2218"}],"curies":[{"name":"wp","href":"https:\/\/api.w.org\/{rel}","templated":true}]}}